{"id":510,"date":"2015-07-03T15:41:49","date_gmt":"2015-07-03T13:41:49","guid":{"rendered":"https:\/\/www.leben-atmen.com\/izmir\/?p=510"},"modified":"2015-07-03T15:41:49","modified_gmt":"2015-07-03T13:41:49","slug":"sibel-nimmt-ein-bad","status":"publish","type":"post","link":"https:\/\/www.leben-atmen.com\/izmir\/2015\/07\/03\/sibel-nimmt-ein-bad\/","title":{"rendered":"Sibel nimmt ein Bad"},"content":{"rendered":"<p>Hier in unseren Gefilden ist es herrlich hei\u00df, und auch die liebe Sibel m\u00f6chte sich ein bisschen Erfrischung verschaffen. Sie \u00fcberlegt noch, ob sie ein paar Schwimmz\u00fcge in unserer Vogeltr\u00e4nke machen soll. Eigentlich w\u00fcrde sie sich viel lieber ins Meer gleiten lassen, aber das ist viel zu weit weg.<br \/>\n&nbsp;<a href=\"https:\/\/i0.wp.com\/www.leben-atmen.com\/wp-content\/blogs.dir\/6\/files\/2015\/07\/IMG_2060.jpg?ssl=1\" data-rel=\"lightbox-image-0\" data-rl_title=\"\" data-rl_caption=\"\" title=\"\"><img data-recalc-dims=\"1\" decoding=\"async\" src=\"https:\/\/i0.wp.com\/www.leben-atmen.com\/wp-content\/blogs.dir\/6\/files\/2015\/07\/IMG_2060.jpg?w=584&#038;ssl=1\" alt=\"\"><\/a>&nbsp;<\/p>\n","protected":false},"excerpt":{"rendered":"<p>Hier in unseren Gefilden ist es herrlich hei\u00df, und auch die liebe Sibel m\u00f6chte sich ein bisschen Erfrischung verschaffen. Sie \u00fcberlegt noch, ob sie ein paar Schwimmz\u00fcge in unserer Vogeltr\u00e4nke machen soll. Eigentlich w\u00fcrde sie sich viel lieber ins Meer &hellip; <a href=\"https:\/\/www.leben-atmen.com\/izmir\/2015\/07\/03\/sibel-nimmt-ein-bad\/\">Weiterlesen <span class=\"meta-nav\">&rarr;<\/span><\/a><\/p>\n","protected":false},"author":12,"featured_media":0,"comment_status":"open","ping_status":"open","sticky":false,"template":"","format":"standard","meta":{"_jetpack_memberships_contains_paid_content":false,"footnotes":""},"categories":[1],"tags":[],"class_list":["post-510","post","type-post","status-publish","format-standard","hentry","category-allgemein"],"jetpack_featured_media_url":"","jetpack_sharing_enabled":true,"_links":{"self":[{"href":"https:\/\/www.leben-atmen.com\/izmir\/wp-json\/wp\/v2\/posts\/510","targetHints":{"allow":["GET"]}}],"collection":[{"href":"https:\/\/www.leben-atmen.com\/izmir\/wp-json\/wp\/v2\/posts"}],"about":[{"href":"https:\/\/www.leben-atmen.com\/izmir\/wp-json\/wp\/v2\/types\/post"}],"author":[{"embeddable":true,"href":"https:\/\/www.leben-atmen.com\/izmir\/wp-json\/wp\/v2\/users\/12"}],"replies":[{"embeddable":true,"href":"https:\/\/www.leben-atmen.com\/izmir\/wp-json\/wp\/v2\/comments?post=510"}],"version-history":[{"count":0,"href":"https:\/\/www.leben-atmen.com\/izmir\/wp-json\/wp\/v2\/posts\/510\/revisions"}],"wp:attachment":[{"href":"https:\/\/www.leben-atmen.com\/izmir\/wp-json\/wp\/v2\/media?parent=510"}],"wp:term":[{"taxonomy":"category","embeddable":true,"href":"https:\/\/www.leben-atmen.com\/izmir\/wp-json\/wp\/v2\/categories?post=510"},{"taxonomy":"post_tag","embeddable":true,"href":"https:\/\/www.leben-atmen.com\/izmir\/wp-json\/wp\/v2\/tags?post=510"}],"curies":[{"name":"wp","href":"https:\/\/api.w.org\/{rel}","templated":true}]}}