{"id":503,"date":"2015-07-03T10:01:40","date_gmt":"2015-07-03T08:01:40","guid":{"rendered":"https:\/\/www.leben-atmen.com\/izmir\/?p=503"},"modified":"2015-07-03T10:47:40","modified_gmt":"2015-07-03T08:47:40","slug":"503","status":"publish","type":"post","link":"https:\/\/www.leben-atmen.com\/izmir\/2015\/07\/03\/503\/","title":{"rendered":"Gedanken am Lido"},"content":{"rendered":"<p>Heute Morgen fahren wir den Lido die Venezia der L\u00e4nge nach gen S\u00fcden Richtung F\u00e4hre. Wir erleben ein ganz normales italienisches Alltagsgeschehen, w\u00e4hrend wir so dahin radeln. Ich hatte falsche Vorstellungen vom Lido, ich dachte immer, dort sind auch die Touristen zu Hause. Aber falsch gedacht, es \u00fcberrascht mich.Wenn man mit dem Fahrrad unterwegs ist, dann erlebt man Dinge, die man mit dem Auto nie erleben wird. Ich w\u00e4re im Leben nicht auf die Idee gekommen, den Lido mit dem Auto abzufahren.<\/p>\n<p>Es ist nicht spektakul\u00e4r oder aufregend, sondern eher die Tatsache faszinierend, dass man etwas v\u00f6llig Neues und Unerwartetes erlebt. Und st\u00e4ndig s\u00e4mtliche festgefahrenen Vorstellungen \u00fcber Bord schmei\u00dft, weil sie nicht stimmen.<\/p>\n<p>Die F\u00e4hre trifft ein, tschau bella Venezia!<\/p>\n<p>&nbsp;<a href=\"https:\/\/i0.wp.com\/www.leben-atmen.com\/wp-content\/blogs.dir\/6\/files\/2015\/07\/IMG_6188.jpg?ssl=1\" data-rel=\"lightbox-image-0\" data-rl_title=\"\" data-rl_caption=\"\" title=\"\"><img data-recalc-dims=\"1\" decoding=\"async\" src=\"https:\/\/i0.wp.com\/www.leben-atmen.com\/wp-content\/blogs.dir\/6\/files\/2015\/07\/IMG_6188.jpg?w=584&#038;ssl=1\" alt=\"\"><\/a>&nbsp;&nbsp;<br \/>\n<a href=\"https:\/\/i0.wp.com\/www.leben-atmen.com\/wp-content\/blogs.dir\/6\/files\/2015\/07\/IMG_6184.jpg?ssl=1\" data-rel=\"lightbox-image-1\" data-rl_title=\"\" data-rl_caption=\"\" title=\"\"><img data-recalc-dims=\"1\" decoding=\"async\" src=\"https:\/\/i0.wp.com\/www.leben-atmen.com\/wp-content\/blogs.dir\/6\/files\/2015\/07\/IMG_6184.jpg?w=584&#038;ssl=1\" alt=\"\"><\/a>&nbsp;<\/p>\n","protected":false},"excerpt":{"rendered":"<p>Heute Morgen fahren wir den Lido die Venezia der L\u00e4nge nach gen S\u00fcden Richtung F\u00e4hre. Wir erleben ein ganz normales italienisches Alltagsgeschehen, w\u00e4hrend wir so dahin radeln. Ich hatte falsche Vorstellungen vom Lido, ich dachte immer, dort sind auch die &hellip; <a href=\"https:\/\/www.leben-atmen.com\/izmir\/2015\/07\/03\/503\/\">Weiterlesen <span class=\"meta-nav\">&rarr;<\/span><\/a><\/p>\n","protected":false},"author":2,"featured_media":0,"comment_status":"open","ping_status":"open","sticky":false,"template":"","format":"standard","meta":{"_jetpack_memberships_contains_paid_content":false,"footnotes":""},"categories":[1],"tags":[],"class_list":["post-503","post","type-post","status-publish","format-standard","hentry","category-allgemein"],"jetpack_featured_media_url":"","jetpack_sharing_enabled":true,"_links":{"self":[{"href":"https:\/\/www.leben-atmen.com\/izmir\/wp-json\/wp\/v2\/posts\/503","targetHints":{"allow":["GET"]}}],"collection":[{"href":"https:\/\/www.leben-atmen.com\/izmir\/wp-json\/wp\/v2\/posts"}],"about":[{"href":"https:\/\/www.leben-atmen.com\/izmir\/wp-json\/wp\/v2\/types\/post"}],"author":[{"embeddable":true,"href":"https:\/\/www.leben-atmen.com\/izmir\/wp-json\/wp\/v2\/users\/2"}],"replies":[{"embeddable":true,"href":"https:\/\/www.leben-atmen.com\/izmir\/wp-json\/wp\/v2\/comments?post=503"}],"version-history":[{"count":1,"href":"https:\/\/www.leben-atmen.com\/izmir\/wp-json\/wp\/v2\/posts\/503\/revisions"}],"predecessor-version":[{"id":504,"href":"https:\/\/www.leben-atmen.com\/izmir\/wp-json\/wp\/v2\/posts\/503\/revisions\/504"}],"wp:attachment":[{"href":"https:\/\/www.leben-atmen.com\/izmir\/wp-json\/wp\/v2\/media?parent=503"}],"wp:term":[{"taxonomy":"category","embeddable":true,"href":"https:\/\/www.leben-atmen.com\/izmir\/wp-json\/wp\/v2\/categories?post=503"},{"taxonomy":"post_tag","embeddable":true,"href":"https:\/\/www.leben-atmen.com\/izmir\/wp-json\/wp\/v2\/tags?post=503"}],"curies":[{"name":"wp","href":"https:\/\/api.w.org\/{rel}","templated":true}]}}