{"id":481,"date":"2015-07-02T14:15:02","date_gmt":"2015-07-02T12:15:02","guid":{"rendered":"https:\/\/www.leben-atmen.com\/izmir\/?p=481"},"modified":"2015-07-02T14:17:29","modified_gmt":"2015-07-02T12:17:29","slug":"postkartengruesse-vom-marktplatz","status":"publish","type":"post","link":"https:\/\/www.leben-atmen.com\/izmir\/2015\/07\/02\/postkartengruesse-vom-marktplatz\/","title":{"rendered":"Postkartengr\u00fc\u00dfe vom Marktplatz"},"content":{"rendered":"<p>Wir, also Fatma, Simone\u00a0und Toni\u00a0gr\u00fc\u00dfen alle Zuhause gebliebenen, Freunde, Verwandte, und alle, die uns auf dieser Reise gro\u00dfartig unterst\u00fctzen! Vielen Dank f\u00fcr alles!<\/p>\n<p><a href=\"https:\/\/i0.wp.com\/www.leben-atmen.com\/wp-content\/blogs.dir\/6\/files\/2015\/07\/Fatma-Markus.jpg?ssl=1\" data-rel=\"lightbox-image-0\" data-rl_title=\"\" data-rl_caption=\"\" title=\"\"><img data-recalc-dims=\"1\" decoding=\"async\" class=\"alignnone size-full\" src=\"https:\/\/i0.wp.com\/www.leben-atmen.com\/wp-content\/blogs.dir\/6\/files\/2015\/07\/Fatma-Markus.jpg?w=584&#038;ssl=1\" alt=\"\" \/><\/a><\/p>\n<p><a href=\"https:\/\/i0.wp.com\/www.leben-atmen.com\/wp-content\/blogs.dir\/6\/files\/2015\/07\/Sim-und-To-Markus.jpg?ssl=1\" data-rel=\"lightbox-image-1\" data-rl_title=\"\" data-rl_caption=\"\" title=\"\"><img data-recalc-dims=\"1\" decoding=\"async\" class=\"alignnone size-full\" src=\"https:\/\/i0.wp.com\/www.leben-atmen.com\/wp-content\/blogs.dir\/6\/files\/2015\/07\/Sim-und-To-Markus.jpg?w=584&#038;ssl=1\" alt=\"\" \/><\/a><\/p>\n","protected":false},"excerpt":{"rendered":"<p>Wir, also Fatma, Simone\u00a0und Toni\u00a0gr\u00fc\u00dfen alle Zuhause gebliebenen, Freunde, Verwandte, und alle, die uns auf dieser Reise gro\u00dfartig unterst\u00fctzen! Vielen Dank f\u00fcr alles!<\/p>\n","protected":false},"author":2,"featured_media":0,"comment_status":"open","ping_status":"open","sticky":false,"template":"","format":"standard","meta":{"_jetpack_memberships_contains_paid_content":false,"footnotes":""},"categories":[1],"tags":[],"class_list":["post-481","post","type-post","status-publish","format-standard","hentry","category-allgemein"],"jetpack_featured_media_url":"","jetpack_sharing_enabled":true,"_links":{"self":[{"href":"https:\/\/www.leben-atmen.com\/izmir\/wp-json\/wp\/v2\/posts\/481","targetHints":{"allow":["GET"]}}],"collection":[{"href":"https:\/\/www.leben-atmen.com\/izmir\/wp-json\/wp\/v2\/posts"}],"about":[{"href":"https:\/\/www.leben-atmen.com\/izmir\/wp-json\/wp\/v2\/types\/post"}],"author":[{"embeddable":true,"href":"https:\/\/www.leben-atmen.com\/izmir\/wp-json\/wp\/v2\/users\/2"}],"replies":[{"embeddable":true,"href":"https:\/\/www.leben-atmen.com\/izmir\/wp-json\/wp\/v2\/comments?post=481"}],"version-history":[{"count":1,"href":"https:\/\/www.leben-atmen.com\/izmir\/wp-json\/wp\/v2\/posts\/481\/revisions"}],"predecessor-version":[{"id":484,"href":"https:\/\/www.leben-atmen.com\/izmir\/wp-json\/wp\/v2\/posts\/481\/revisions\/484"}],"wp:attachment":[{"href":"https:\/\/www.leben-atmen.com\/izmir\/wp-json\/wp\/v2\/media?parent=481"}],"wp:term":[{"taxonomy":"category","embeddable":true,"href":"https:\/\/www.leben-atmen.com\/izmir\/wp-json\/wp\/v2\/categories?post=481"},{"taxonomy":"post_tag","embeddable":true,"href":"https:\/\/www.leben-atmen.com\/izmir\/wp-json\/wp\/v2\/tags?post=481"}],"curies":[{"name":"wp","href":"https:\/\/api.w.org\/{rel}","templated":true}]}}