{"id":480,"date":"2015-07-02T13:37:44","date_gmt":"2015-07-02T11:37:44","guid":{"rendered":"https:\/\/www.leben-atmen.com\/izmir\/?p=480"},"modified":"2015-07-02T13:37:44","modified_gmt":"2015-07-02T11:37:44","slug":"sibel-auf-dem-fahrrad","status":"publish","type":"post","link":"https:\/\/www.leben-atmen.com\/izmir\/2015\/07\/02\/sibel-auf-dem-fahrrad\/","title":{"rendered":"Sibel auf dem Fahrrad"},"content":{"rendered":"<p>Auch die kleine s\u00fc\u00dfe Sibel wollte mal wissen, wie es sich auf einem Fahrrad so anf\u00fchlt. Also haben wir zu zweit eine kleine Spritztour im Wittelsbacher Land gemacht. Hier ist der Sommer angekommen. Die Sonne scheint vom blauen bayerischen Himmel, es ist sch\u00f6n warm. Und so haben wir uns den Fahrtwind um die Nase wehen lassen. Sibel kann jetzt richtig verstehen, wie es ihrer Schwester Fatma bei Simone auf dem Gep\u00e4cktr\u00e4ger geht.<\/p>\n<p><a href=\"https:\/\/i0.wp.com\/www.leben-atmen.com\/wp-content\/blogs.dir\/6\/files\/2015\/07\/IMG_2056.jpg?ssl=1\" data-rel=\"lightbox-image-0\" data-rl_title=\"\" data-rl_caption=\"\" title=\"\"><img data-recalc-dims=\"1\" decoding=\"async\" src=\"https:\/\/i0.wp.com\/www.leben-atmen.com\/wp-content\/blogs.dir\/6\/files\/2015\/07\/IMG_2056.jpg?w=584&#038;ssl=1\" alt=\"\"><\/a>&nbsp;<\/p>\n","protected":false},"excerpt":{"rendered":"<p>Auch die kleine s\u00fc\u00dfe Sibel wollte mal wissen, wie es sich auf einem Fahrrad so anf\u00fchlt. Also haben wir zu zweit eine kleine Spritztour im Wittelsbacher Land gemacht. Hier ist der Sommer angekommen. Die Sonne scheint vom blauen bayerischen Himmel, &hellip; <a href=\"https:\/\/www.leben-atmen.com\/izmir\/2015\/07\/02\/sibel-auf-dem-fahrrad\/\">Weiterlesen <span class=\"meta-nav\">&rarr;<\/span><\/a><\/p>\n","protected":false},"author":12,"featured_media":0,"comment_status":"open","ping_status":"open","sticky":false,"template":"","format":"standard","meta":{"_jetpack_memberships_contains_paid_content":false,"footnotes":""},"categories":[1],"tags":[],"class_list":["post-480","post","type-post","status-publish","format-standard","hentry","category-allgemein"],"jetpack_featured_media_url":"","jetpack_sharing_enabled":true,"_links":{"self":[{"href":"https:\/\/www.leben-atmen.com\/izmir\/wp-json\/wp\/v2\/posts\/480","targetHints":{"allow":["GET"]}}],"collection":[{"href":"https:\/\/www.leben-atmen.com\/izmir\/wp-json\/wp\/v2\/posts"}],"about":[{"href":"https:\/\/www.leben-atmen.com\/izmir\/wp-json\/wp\/v2\/types\/post"}],"author":[{"embeddable":true,"href":"https:\/\/www.leben-atmen.com\/izmir\/wp-json\/wp\/v2\/users\/12"}],"replies":[{"embeddable":true,"href":"https:\/\/www.leben-atmen.com\/izmir\/wp-json\/wp\/v2\/comments?post=480"}],"version-history":[{"count":0,"href":"https:\/\/www.leben-atmen.com\/izmir\/wp-json\/wp\/v2\/posts\/480\/revisions"}],"wp:attachment":[{"href":"https:\/\/www.leben-atmen.com\/izmir\/wp-json\/wp\/v2\/media?parent=480"}],"wp:term":[{"taxonomy":"category","embeddable":true,"href":"https:\/\/www.leben-atmen.com\/izmir\/wp-json\/wp\/v2\/categories?post=480"},{"taxonomy":"post_tag","embeddable":true,"href":"https:\/\/www.leben-atmen.com\/izmir\/wp-json\/wp\/v2\/tags?post=480"}],"curies":[{"name":"wp","href":"https:\/\/api.w.org\/{rel}","templated":true}]}}