{"id":473,"date":"2015-07-02T10:45:31","date_gmt":"2015-07-02T08:45:31","guid":{"rendered":"https:\/\/www.leben-atmen.com\/izmir\/?p=473"},"modified":"2015-07-02T10:45:31","modified_gmt":"2015-07-02T08:45:31","slug":"hoffentlich-klappt-es","status":"publish","type":"post","link":"https:\/\/www.leben-atmen.com\/izmir\/2015\/07\/02\/hoffentlich-klappt-es\/","title":{"rendered":"Hoffentlich klappt es"},"content":{"rendered":"<p>so dass wir mit den Fahrr\u00e4dern r\u00fcber fahren d\u00fcrfen. Vielen Dank f\u00fcr die gestrige Hilfe. Aber auch wir konnten nicht befriedigend bislang herausfinden, ob der Transport mit denFahrr\u00e4dern nun<\/p>\n<p>erlaubt ist oder eben nicht.<\/p>\n<p>Bitte dr\u00fcckt die Daumen dass wir r\u00fcber fahren d\u00fcrfen.<\/p>\n<p>&nbsp;<a href=\"https:\/\/i0.wp.com\/www.leben-atmen.com\/wp-content\/blogs.dir\/6\/files\/2015\/07\/IMG_6054.jpg?ssl=1\" data-rel=\"lightbox-image-0\" data-rl_title=\"\" data-rl_caption=\"\" title=\"\"><img data-recalc-dims=\"1\" decoding=\"async\" src=\"https:\/\/i0.wp.com\/www.leben-atmen.com\/wp-content\/blogs.dir\/6\/files\/2015\/07\/IMG_6054.jpg?w=584&#038;ssl=1\" alt=\"\"><\/a>&nbsp;<\/p>\n","protected":false},"excerpt":{"rendered":"<p>so dass wir mit den Fahrr\u00e4dern r\u00fcber fahren d\u00fcrfen. Vielen Dank f\u00fcr die gestrige Hilfe. Aber auch wir konnten nicht befriedigend bislang herausfinden, ob der Transport mit denFahrr\u00e4dern nun erlaubt ist oder eben nicht. Bitte dr\u00fcckt die Daumen dass wir &hellip; <a href=\"https:\/\/www.leben-atmen.com\/izmir\/2015\/07\/02\/hoffentlich-klappt-es\/\">Weiterlesen <span class=\"meta-nav\">&rarr;<\/span><\/a><\/p>\n","protected":false},"author":3,"featured_media":0,"comment_status":"open","ping_status":"open","sticky":false,"template":"","format":"standard","meta":{"_jetpack_memberships_contains_paid_content":false,"footnotes":""},"categories":[1],"tags":[],"class_list":["post-473","post","type-post","status-publish","format-standard","hentry","category-allgemein"],"jetpack_featured_media_url":"","jetpack_sharing_enabled":true,"_links":{"self":[{"href":"https:\/\/www.leben-atmen.com\/izmir\/wp-json\/wp\/v2\/posts\/473","targetHints":{"allow":["GET"]}}],"collection":[{"href":"https:\/\/www.leben-atmen.com\/izmir\/wp-json\/wp\/v2\/posts"}],"about":[{"href":"https:\/\/www.leben-atmen.com\/izmir\/wp-json\/wp\/v2\/types\/post"}],"author":[{"embeddable":true,"href":"https:\/\/www.leben-atmen.com\/izmir\/wp-json\/wp\/v2\/users\/3"}],"replies":[{"embeddable":true,"href":"https:\/\/www.leben-atmen.com\/izmir\/wp-json\/wp\/v2\/comments?post=473"}],"version-history":[{"count":0,"href":"https:\/\/www.leben-atmen.com\/izmir\/wp-json\/wp\/v2\/posts\/473\/revisions"}],"wp:attachment":[{"href":"https:\/\/www.leben-atmen.com\/izmir\/wp-json\/wp\/v2\/media?parent=473"}],"wp:term":[{"taxonomy":"category","embeddable":true,"href":"https:\/\/www.leben-atmen.com\/izmir\/wp-json\/wp\/v2\/categories?post=473"},{"taxonomy":"post_tag","embeddable":true,"href":"https:\/\/www.leben-atmen.com\/izmir\/wp-json\/wp\/v2\/tags?post=473"}],"curies":[{"name":"wp","href":"https:\/\/api.w.org\/{rel}","templated":true}]}}