{"id":458,"date":"2015-07-01T11:36:44","date_gmt":"2015-07-01T09:36:44","guid":{"rendered":"https:\/\/www.leben-atmen.com\/izmir\/?p=458"},"modified":"2015-07-01T11:36:44","modified_gmt":"2015-07-01T09:36:44","slug":"sibel","status":"publish","type":"post","link":"https:\/\/www.leben-atmen.com\/izmir\/2015\/07\/01\/sibel\/","title":{"rendered":"Sibel"},"content":{"rendered":"<p>Die kleine Sibel war nun also schon eine ganze Woche &nbsp;daheim in Aichach geblieben. Sie verfolgte die gro\u00dfe Reise ihrer Schwester Fatma neugierig und fasziniert. Aber auch wenn sie Fatma sehr vermisste, hatte &nbsp;sie schon aufregende Tage verlebt. In den ersten Tagen hat sie erst mal ihr neues Zuhause ausgiebig erkundet. Sie wohnt im Gr\u00fcnen, drau\u00dfen vor der Stadt, und wacht morgens mit lautem Vogelgezwitscher auf. Sie wei\u00df jetzt, dass Kirschen sehr lecker und s\u00fc\u00df schmecken, wie man in eine Kaffeetasse fallen kann, und was ein Geburtstag ist. Wenn sie Lust und Zeit hat, wird sie euch hin und wieder erz\u00e4hlen, was sie erlebt.<\/p>\n<p>&nbsp;<a href=\"https:\/\/i0.wp.com\/www.leben-atmen.com\/wp-content\/blogs.dir\/6\/files\/2015\/07\/IMG_1117.jpg?ssl=1\" data-rel=\"lightbox-image-0\" data-rl_title=\"\" data-rl_caption=\"\" title=\"\"><img data-recalc-dims=\"1\" decoding=\"async\" src=\"https:\/\/i0.wp.com\/www.leben-atmen.com\/wp-content\/blogs.dir\/6\/files\/2015\/07\/IMG_1117.jpg?w=584&#038;ssl=1\" alt=\"\"><\/a>&nbsp;<\/p>\n","protected":false},"excerpt":{"rendered":"<p>Die kleine Sibel war nun also schon eine ganze Woche &nbsp;daheim in Aichach geblieben. Sie verfolgte die gro\u00dfe Reise ihrer Schwester Fatma neugierig und fasziniert. Aber auch wenn sie Fatma sehr vermisste, hatte &nbsp;sie schon aufregende Tage verlebt. In den &hellip; <a href=\"https:\/\/www.leben-atmen.com\/izmir\/2015\/07\/01\/sibel\/\">Weiterlesen <span class=\"meta-nav\">&rarr;<\/span><\/a><\/p>\n","protected":false},"author":12,"featured_media":0,"comment_status":"open","ping_status":"open","sticky":false,"template":"","format":"standard","meta":{"_jetpack_memberships_contains_paid_content":false,"footnotes":""},"categories":[1],"tags":[],"class_list":["post-458","post","type-post","status-publish","format-standard","hentry","category-allgemein"],"jetpack_featured_media_url":"","jetpack_sharing_enabled":true,"_links":{"self":[{"href":"https:\/\/www.leben-atmen.com\/izmir\/wp-json\/wp\/v2\/posts\/458","targetHints":{"allow":["GET"]}}],"collection":[{"href":"https:\/\/www.leben-atmen.com\/izmir\/wp-json\/wp\/v2\/posts"}],"about":[{"href":"https:\/\/www.leben-atmen.com\/izmir\/wp-json\/wp\/v2\/types\/post"}],"author":[{"embeddable":true,"href":"https:\/\/www.leben-atmen.com\/izmir\/wp-json\/wp\/v2\/users\/12"}],"replies":[{"embeddable":true,"href":"https:\/\/www.leben-atmen.com\/izmir\/wp-json\/wp\/v2\/comments?post=458"}],"version-history":[{"count":0,"href":"https:\/\/www.leben-atmen.com\/izmir\/wp-json\/wp\/v2\/posts\/458\/revisions"}],"wp:attachment":[{"href":"https:\/\/www.leben-atmen.com\/izmir\/wp-json\/wp\/v2\/media?parent=458"}],"wp:term":[{"taxonomy":"category","embeddable":true,"href":"https:\/\/www.leben-atmen.com\/izmir\/wp-json\/wp\/v2\/categories?post=458"},{"taxonomy":"post_tag","embeddable":true,"href":"https:\/\/www.leben-atmen.com\/izmir\/wp-json\/wp\/v2\/tags?post=458"}],"curies":[{"name":"wp","href":"https:\/\/api.w.org\/{rel}","templated":true}]}}