{"id":457,"date":"2015-07-01T10:53:05","date_gmt":"2015-07-01T08:53:05","guid":{"rendered":"https:\/\/www.leben-atmen.com\/izmir\/?p=457"},"modified":"2015-07-01T10:53:05","modified_gmt":"2015-07-01T08:53:05","slug":"letzter-berg-dorf-vittorio-veneto","status":"publish","type":"post","link":"https:\/\/www.leben-atmen.com\/izmir\/2015\/07\/01\/letzter-berg-dorf-vittorio-veneto\/","title":{"rendered":"Letzter Berg &#8211; Dorf Vittorio Veneto"},"content":{"rendered":"<p>Ach, ist das entz\u00fcckend hier! Wenn wir uns gestern nicht so dumm verfahren h\u00e4tten, w\u00e4ren wir hier \u00fcber Nacht geblieben. In der Hochburg&nbsp;des Proseccos h\u00e4tten wir ein Gl\u00e4schen schl\u00fcrfen k\u00f6nnen. Aber so ist das bei einer Radreise.<\/p>\n<p>Dies wird das letzte Foto sein, auf dem ein Berg zu sehen ist. Vor uns liegt die weite Ebene von Venedig.<\/p>\n<p>Das hei\u00dft, wir haben es geschafft, die Berge zu \u00fcberwinden!<\/p>\n<p>&nbsp;<a href=\"https:\/\/i0.wp.com\/www.leben-atmen.com\/wp-content\/blogs.dir\/6\/files\/2015\/07\/IMG_6137.jpg?ssl=1\" data-rel=\"lightbox-image-0\" data-rl_title=\"\" data-rl_caption=\"\" title=\"\"><img data-recalc-dims=\"1\" decoding=\"async\" src=\"https:\/\/i0.wp.com\/www.leben-atmen.com\/wp-content\/blogs.dir\/6\/files\/2015\/07\/IMG_6137.jpg?w=584&#038;ssl=1\" alt=\"\"><\/a>&nbsp;<\/p>\n","protected":false},"excerpt":{"rendered":"<p>Ach, ist das entz\u00fcckend hier! Wenn wir uns gestern nicht so dumm verfahren h\u00e4tten, w\u00e4ren wir hier \u00fcber Nacht geblieben. In der Hochburg&nbsp;des Proseccos h\u00e4tten wir ein Gl\u00e4schen schl\u00fcrfen k\u00f6nnen. Aber so ist das bei einer Radreise. Dies wird das &hellip; <a href=\"https:\/\/www.leben-atmen.com\/izmir\/2015\/07\/01\/letzter-berg-dorf-vittorio-veneto\/\">Weiterlesen <span class=\"meta-nav\">&rarr;<\/span><\/a><\/p>\n","protected":false},"author":2,"featured_media":0,"comment_status":"open","ping_status":"open","sticky":false,"template":"","format":"standard","meta":{"_jetpack_memberships_contains_paid_content":false,"footnotes":""},"categories":[1],"tags":[],"class_list":["post-457","post","type-post","status-publish","format-standard","hentry","category-allgemein"],"jetpack_featured_media_url":"","jetpack_sharing_enabled":true,"_links":{"self":[{"href":"https:\/\/www.leben-atmen.com\/izmir\/wp-json\/wp\/v2\/posts\/457","targetHints":{"allow":["GET"]}}],"collection":[{"href":"https:\/\/www.leben-atmen.com\/izmir\/wp-json\/wp\/v2\/posts"}],"about":[{"href":"https:\/\/www.leben-atmen.com\/izmir\/wp-json\/wp\/v2\/types\/post"}],"author":[{"embeddable":true,"href":"https:\/\/www.leben-atmen.com\/izmir\/wp-json\/wp\/v2\/users\/2"}],"replies":[{"embeddable":true,"href":"https:\/\/www.leben-atmen.com\/izmir\/wp-json\/wp\/v2\/comments?post=457"}],"version-history":[{"count":0,"href":"https:\/\/www.leben-atmen.com\/izmir\/wp-json\/wp\/v2\/posts\/457\/revisions"}],"wp:attachment":[{"href":"https:\/\/www.leben-atmen.com\/izmir\/wp-json\/wp\/v2\/media?parent=457"}],"wp:term":[{"taxonomy":"category","embeddable":true,"href":"https:\/\/www.leben-atmen.com\/izmir\/wp-json\/wp\/v2\/categories?post=457"},{"taxonomy":"post_tag","embeddable":true,"href":"https:\/\/www.leben-atmen.com\/izmir\/wp-json\/wp\/v2\/tags?post=457"}],"curies":[{"name":"wp","href":"https:\/\/api.w.org\/{rel}","templated":true}]}}