{"id":453,"date":"2015-07-01T09:13:19","date_gmt":"2015-07-01T07:13:19","guid":{"rendered":"https:\/\/www.leben-atmen.com\/izmir\/?p=453"},"modified":"2015-07-01T09:15:34","modified_gmt":"2015-07-01T07:15:34","slug":"frage-an-alle-bezgl-venedig-faehrboote","status":"publish","type":"post","link":"https:\/\/www.leben-atmen.com\/izmir\/2015\/07\/01\/frage-an-alle-bezgl-venedig-faehrboote\/","title":{"rendered":"Frage an alle bezgl. Venedig-F\u00e4hrboote"},"content":{"rendered":"<p>Guten Morgen, wir haben eine Frage zu Venedig und den F\u00e4hrbooten: wei\u00df jemand, ob die Linie 14 von Punta Sabbioni nach Piazza San Marco Fahrr\u00e4der mitnimmt? Oder zumindest auf den Lido?<\/p>\n","protected":false},"excerpt":{"rendered":"<p>Guten Morgen, wir haben eine Frage zu Venedig und den F\u00e4hrbooten: wei\u00df jemand, ob die Linie 14 von Punta Sabbioni nach Piazza San Marco Fahrr\u00e4der mitnimmt? Oder zumindest auf den Lido?<\/p>\n","protected":false},"author":3,"featured_media":0,"comment_status":"open","ping_status":"open","sticky":false,"template":"","format":"standard","meta":{"_jetpack_memberships_contains_paid_content":false,"footnotes":""},"categories":[1],"tags":[],"class_list":["post-453","post","type-post","status-publish","format-standard","hentry","category-allgemein"],"jetpack_featured_media_url":"","jetpack_sharing_enabled":true,"_links":{"self":[{"href":"https:\/\/www.leben-atmen.com\/izmir\/wp-json\/wp\/v2\/posts\/453","targetHints":{"allow":["GET"]}}],"collection":[{"href":"https:\/\/www.leben-atmen.com\/izmir\/wp-json\/wp\/v2\/posts"}],"about":[{"href":"https:\/\/www.leben-atmen.com\/izmir\/wp-json\/wp\/v2\/types\/post"}],"author":[{"embeddable":true,"href":"https:\/\/www.leben-atmen.com\/izmir\/wp-json\/wp\/v2\/users\/3"}],"replies":[{"embeddable":true,"href":"https:\/\/www.leben-atmen.com\/izmir\/wp-json\/wp\/v2\/comments?post=453"}],"version-history":[{"count":1,"href":"https:\/\/www.leben-atmen.com\/izmir\/wp-json\/wp\/v2\/posts\/453\/revisions"}],"predecessor-version":[{"id":454,"href":"https:\/\/www.leben-atmen.com\/izmir\/wp-json\/wp\/v2\/posts\/453\/revisions\/454"}],"wp:attachment":[{"href":"https:\/\/www.leben-atmen.com\/izmir\/wp-json\/wp\/v2\/media?parent=453"}],"wp:term":[{"taxonomy":"category","embeddable":true,"href":"https:\/\/www.leben-atmen.com\/izmir\/wp-json\/wp\/v2\/categories?post=453"},{"taxonomy":"post_tag","embeddable":true,"href":"https:\/\/www.leben-atmen.com\/izmir\/wp-json\/wp\/v2\/tags?post=453"}],"curies":[{"name":"wp","href":"https:\/\/api.w.org\/{rel}","templated":true}]}}