{"id":450,"date":"2015-06-30T21:51:30","date_gmt":"2015-06-30T19:51:30","guid":{"rendered":"https:\/\/www.leben-atmen.com\/izmir\/?p=450"},"modified":"2015-06-30T21:51:30","modified_gmt":"2015-06-30T19:51:30","slug":"sibel-die-kleine-schwester-von-fatma-kroet","status":"publish","type":"post","link":"https:\/\/www.leben-atmen.com\/izmir\/2015\/06\/30\/sibel-die-kleine-schwester-von-fatma-kroet\/","title":{"rendered":"Sibel &#8211; die kleine Schwester von Fatma Kr\u00f6t"},"content":{"rendered":"<p>Sibel &#8211; die kleine Schwester von Fatma Kr\u00f6t<br \/>\nDer Tag, an dem Sibel zu uns kam, war der 23. Juni 2015.<\/p>\n<p>Es war der Tag bevor sich ihre gro\u00dfe Schwester Fatma, mit<\/p>\n<p>Simone und Toni, auf gro\u00dfe Fahrt nach Izmir aufmachte.<\/p>\n<p>Irgendwie war ihr etwas mulmig zumute, weil sie etwas Angst um Fatma hatte, und sich pl\u00f6tzlich so allein f\u00fchlte.<\/p>\n<p>Aber sie wusste auch, das es keinen Grund zur Sorge gab, da Fatma bei Simone und Toni sicher und beh\u00fctet war.<\/p>\n<p>Und au\u00dferdem waren die Drei mit Gottes Segen unterwegs.<\/p>\n<p>Iyi Yolculuklar!<\/p>\n<p>&nbsp;<a href=\"https:\/\/i0.wp.com\/www.leben-atmen.com\/wp-content\/blogs.dir\/6\/files\/2015\/06\/IMG_6134.jpg?ssl=1\" data-rel=\"lightbox-image-0\" data-rl_title=\"\" data-rl_caption=\"\" title=\"\"><img data-recalc-dims=\"1\" decoding=\"async\" src=\"https:\/\/i0.wp.com\/www.leben-atmen.com\/wp-content\/blogs.dir\/6\/files\/2015\/06\/IMG_6134.jpg?w=584&#038;ssl=1\" alt=\"\"><\/a>&nbsp;<\/p>\n","protected":false},"excerpt":{"rendered":"<p>Sibel &#8211; die kleine Schwester von Fatma Kr\u00f6t Der Tag, an dem Sibel zu uns kam, war der 23. Juni 2015. Es war der Tag bevor sich ihre gro\u00dfe Schwester Fatma, mit Simone und Toni, auf gro\u00dfe Fahrt nach Izmir &hellip; <a href=\"https:\/\/www.leben-atmen.com\/izmir\/2015\/06\/30\/sibel-die-kleine-schwester-von-fatma-kroet\/\">Weiterlesen <span class=\"meta-nav\">&rarr;<\/span><\/a><\/p>\n","protected":false},"author":12,"featured_media":0,"comment_status":"open","ping_status":"open","sticky":false,"template":"","format":"standard","meta":{"_jetpack_memberships_contains_paid_content":false,"footnotes":""},"categories":[1],"tags":[],"class_list":["post-450","post","type-post","status-publish","format-standard","hentry","category-allgemein"],"jetpack_featured_media_url":"","jetpack_sharing_enabled":true,"_links":{"self":[{"href":"https:\/\/www.leben-atmen.com\/izmir\/wp-json\/wp\/v2\/posts\/450","targetHints":{"allow":["GET"]}}],"collection":[{"href":"https:\/\/www.leben-atmen.com\/izmir\/wp-json\/wp\/v2\/posts"}],"about":[{"href":"https:\/\/www.leben-atmen.com\/izmir\/wp-json\/wp\/v2\/types\/post"}],"author":[{"embeddable":true,"href":"https:\/\/www.leben-atmen.com\/izmir\/wp-json\/wp\/v2\/users\/12"}],"replies":[{"embeddable":true,"href":"https:\/\/www.leben-atmen.com\/izmir\/wp-json\/wp\/v2\/comments?post=450"}],"version-history":[{"count":0,"href":"https:\/\/www.leben-atmen.com\/izmir\/wp-json\/wp\/v2\/posts\/450\/revisions"}],"wp:attachment":[{"href":"https:\/\/www.leben-atmen.com\/izmir\/wp-json\/wp\/v2\/media?parent=450"}],"wp:term":[{"taxonomy":"category","embeddable":true,"href":"https:\/\/www.leben-atmen.com\/izmir\/wp-json\/wp\/v2\/categories?post=450"},{"taxonomy":"post_tag","embeddable":true,"href":"https:\/\/www.leben-atmen.com\/izmir\/wp-json\/wp\/v2\/tags?post=450"}],"curies":[{"name":"wp","href":"https:\/\/api.w.org\/{rel}","templated":true}]}}