{"id":428,"date":"2015-06-29T22:16:51","date_gmt":"2015-06-29T20:16:51","guid":{"rendered":"https:\/\/www.leben-atmen.com\/izmir\/?p=428"},"modified":"2015-06-29T22:18:13","modified_gmt":"2015-06-29T20:18:13","slug":"der-mann-und-das-meer","status":"publish","type":"post","link":"https:\/\/www.leben-atmen.com\/izmir\/2015\/06\/29\/der-mann-und-das-meer\/","title":{"rendered":"Der Mann und das Meer"},"content":{"rendered":"<p>\u201eKomm, wir fahren ans Meer, das hast du doch noch nicht gesehen\u201c, sage ich zu meinem Schwiegerpapa. Er nickt und zieht seinen besten Anzug an. Der Anzug ist grau. Er wirkt viel gr\u00f6\u00dfer als gew\u00f6hnlich, gr\u00f6\u00dfer als Toni oder ich. Wir fahren ans Meer. Ein wei\u00dfer Sandstrand, hellblau\/grau ist das Wasser, wir sind an der Adria. Mein Schwiegervater grinst und zieht seine schwarzen Schuhe und Socken aus. Ich tue es ihm nach. Barfu\u00df laufen wir durch den Sand. Wir stecken die F\u00fc\u00dfe gemeinsam ins Wasser, die warme Brise weht uns vom Meer her durch die Haare. Da lachen wir beide wie die Schelme. Sch\u00f6n ist es ihn gl\u00fccklich zu sehen, denke ich\u2026<\/p>\n<div>Und pl\u00f6tzlich bin ich heute morgen aufgewacht. Es war nur ein Traum! Mein Schwiegerpapa ist am 8. April 2015 gestorben. Und das\u00a0Meer hat er leider nie gesehen&#8230;<\/div>\n<div><a href=\"https:\/\/i0.wp.com\/www.leben-atmen.com\/wp-content\/blogs.dir\/6\/files\/2015\/06\/IMG_5070.jpg?ssl=1\" data-rel=\"lightbox-image-0\" data-rl_title=\"\" data-rl_caption=\"\" title=\"\"><img data-recalc-dims=\"1\" decoding=\"async\" class=\"alignnone size-full\" src=\"https:\/\/i0.wp.com\/www.leben-atmen.com\/wp-content\/blogs.dir\/6\/files\/2015\/06\/IMG_5070.jpg?w=584&#038;ssl=1\" alt=\"\" \/><\/a><\/div>\n","protected":false},"excerpt":{"rendered":"<p>\u201eKomm, wir fahren ans Meer, das hast du doch noch nicht gesehen\u201c, sage ich zu meinem Schwiegerpapa. Er nickt und zieht seinen besten Anzug an. Der Anzug ist grau. Er wirkt viel gr\u00f6\u00dfer als gew\u00f6hnlich, gr\u00f6\u00dfer als Toni oder ich. &hellip; <a href=\"https:\/\/www.leben-atmen.com\/izmir\/2015\/06\/29\/der-mann-und-das-meer\/\">Weiterlesen <span class=\"meta-nav\">&rarr;<\/span><\/a><\/p>\n","protected":false},"author":2,"featured_media":0,"comment_status":"open","ping_status":"open","sticky":false,"template":"","format":"standard","meta":{"_jetpack_memberships_contains_paid_content":false,"footnotes":""},"categories":[1],"tags":[],"class_list":["post-428","post","type-post","status-publish","format-standard","hentry","category-allgemein"],"jetpack_featured_media_url":"","jetpack_sharing_enabled":true,"_links":{"self":[{"href":"https:\/\/www.leben-atmen.com\/izmir\/wp-json\/wp\/v2\/posts\/428","targetHints":{"allow":["GET"]}}],"collection":[{"href":"https:\/\/www.leben-atmen.com\/izmir\/wp-json\/wp\/v2\/posts"}],"about":[{"href":"https:\/\/www.leben-atmen.com\/izmir\/wp-json\/wp\/v2\/types\/post"}],"author":[{"embeddable":true,"href":"https:\/\/www.leben-atmen.com\/izmir\/wp-json\/wp\/v2\/users\/2"}],"replies":[{"embeddable":true,"href":"https:\/\/www.leben-atmen.com\/izmir\/wp-json\/wp\/v2\/comments?post=428"}],"version-history":[{"count":1,"href":"https:\/\/www.leben-atmen.com\/izmir\/wp-json\/wp\/v2\/posts\/428\/revisions"}],"predecessor-version":[{"id":430,"href":"https:\/\/www.leben-atmen.com\/izmir\/wp-json\/wp\/v2\/posts\/428\/revisions\/430"}],"wp:attachment":[{"href":"https:\/\/www.leben-atmen.com\/izmir\/wp-json\/wp\/v2\/media?parent=428"}],"wp:term":[{"taxonomy":"category","embeddable":true,"href":"https:\/\/www.leben-atmen.com\/izmir\/wp-json\/wp\/v2\/categories?post=428"},{"taxonomy":"post_tag","embeddable":true,"href":"https:\/\/www.leben-atmen.com\/izmir\/wp-json\/wp\/v2\/tags?post=428"}],"curies":[{"name":"wp","href":"https:\/\/api.w.org\/{rel}","templated":true}]}}