{"id":409,"date":"2015-06-29T11:59:37","date_gmt":"2015-06-29T09:59:37","guid":{"rendered":"https:\/\/www.leben-atmen.com\/izmir\/?p=409"},"modified":"2015-06-29T11:59:37","modified_gmt":"2015-06-29T09:59:37","slug":"denksportaufgabe-zum-wochenbeginn-durchschnittsgeschwindigkeit","status":"publish","type":"post","link":"https:\/\/www.leben-atmen.com\/izmir\/2015\/06\/29\/denksportaufgabe-zum-wochenbeginn-durchschnittsgeschwindigkeit\/","title":{"rendered":"Denksportaufgabe zum Wochenbeginn: Durchschnittsgeschwindigkeit"},"content":{"rendered":"<p>angenommen ein Fahrradfahrer f\u00e4hrt von A nach B und anschlie\u00dfend von B nach A wieder zur\u00fcck. Weiterhin angenommen soll es nur Strecken bergauf oder bergab geben. Bergauf f\u00e4hrt der Fahrradfahrer 20 km\/h, bergab 40 km\/h.<\/p>\n<p>Frage: wie hoch ist seine Durchschnittsgeschwindigkeit?<\/p>\n","protected":false},"excerpt":{"rendered":"<p>angenommen ein Fahrradfahrer f\u00e4hrt von A nach B und anschlie\u00dfend von B nach A wieder zur\u00fcck. Weiterhin angenommen soll es nur Strecken bergauf oder bergab geben. Bergauf f\u00e4hrt der Fahrradfahrer 20 km\/h, bergab 40 km\/h. Frage: wie hoch ist seine &hellip; <a href=\"https:\/\/www.leben-atmen.com\/izmir\/2015\/06\/29\/denksportaufgabe-zum-wochenbeginn-durchschnittsgeschwindigkeit\/\">Weiterlesen <span class=\"meta-nav\">&rarr;<\/span><\/a><\/p>\n","protected":false},"author":3,"featured_media":0,"comment_status":"open","ping_status":"open","sticky":false,"template":"","format":"standard","meta":{"_jetpack_memberships_contains_paid_content":false,"footnotes":""},"categories":[1],"tags":[],"class_list":["post-409","post","type-post","status-publish","format-standard","hentry","category-allgemein"],"jetpack_featured_media_url":"","jetpack_sharing_enabled":true,"_links":{"self":[{"href":"https:\/\/www.leben-atmen.com\/izmir\/wp-json\/wp\/v2\/posts\/409","targetHints":{"allow":["GET"]}}],"collection":[{"href":"https:\/\/www.leben-atmen.com\/izmir\/wp-json\/wp\/v2\/posts"}],"about":[{"href":"https:\/\/www.leben-atmen.com\/izmir\/wp-json\/wp\/v2\/types\/post"}],"author":[{"embeddable":true,"href":"https:\/\/www.leben-atmen.com\/izmir\/wp-json\/wp\/v2\/users\/3"}],"replies":[{"embeddable":true,"href":"https:\/\/www.leben-atmen.com\/izmir\/wp-json\/wp\/v2\/comments?post=409"}],"version-history":[{"count":1,"href":"https:\/\/www.leben-atmen.com\/izmir\/wp-json\/wp\/v2\/posts\/409\/revisions"}],"predecessor-version":[{"id":410,"href":"https:\/\/www.leben-atmen.com\/izmir\/wp-json\/wp\/v2\/posts\/409\/revisions\/410"}],"wp:attachment":[{"href":"https:\/\/www.leben-atmen.com\/izmir\/wp-json\/wp\/v2\/media?parent=409"}],"wp:term":[{"taxonomy":"category","embeddable":true,"href":"https:\/\/www.leben-atmen.com\/izmir\/wp-json\/wp\/v2\/categories?post=409"},{"taxonomy":"post_tag","embeddable":true,"href":"https:\/\/www.leben-atmen.com\/izmir\/wp-json\/wp\/v2\/tags?post=409"}],"curies":[{"name":"wp","href":"https:\/\/api.w.org\/{rel}","templated":true}]}}