{"id":378,"date":"2015-06-28T08:40:09","date_gmt":"2015-06-28T06:40:09","guid":{"rendered":"https:\/\/www.leben-atmen.com\/izmir\/?p=378"},"modified":"2015-06-28T08:42:56","modified_gmt":"2015-06-28T06:42:56","slug":"andreas-hofers-geburtsort","status":"publish","type":"post","link":"https:\/\/www.leben-atmen.com\/izmir\/2015\/06\/28\/andreas-hofers-geburtsort\/","title":{"rendered":"Andreas Hofers Geburtsort"},"content":{"rendered":"<div>Heute sind wir in St. Leonhard \u00fcber Nacht geblieben. Ein wirklich entz\u00fcckendes Dorf, sonnig mit vielen Blumen, eingebettet in das Passeiertal, eingerahmt von Bergen. Hier ist der Geburtsort von Andreas Hofer, ein Freiheitsk\u00e4mpfer und Volksheld. Im Ort stehen viele Denkm\u00e4ler und unser Hotel h\u00e4lt dieses ber\u00fchmte Gem\u00e4lde an der Wand in Ehren.<\/div>\n<div>\u00a0Hofers Wirken ist schon lange her &#8211; wurde er doch 1767 hier geboren. Er lehnte sich gegen die bayerische und franz\u00f6sische Besetzung auf und verhinderte unter anderem die Annektierung.<\/div>\n<div>Nun, manchmal finden wir Bayern das etwas schade, dass Tirol und S\u00fcdtirol nicht zu \u201euns\u201c geh\u00f6rt, sind doch die L\u00e4nder \u00e4u\u00dferst reizvoll und attraktiv. Andererseits kann man Freiheits- und Unabh\u00e4ngigkeitswillen total nachvollziehen. Wer l\u00e4sst sich schon gerne unterdr\u00fccken, eine andere Sprache, Kultur etc. aufdr\u00fccken?<\/div>\n<div><a href=\"https:\/\/i0.wp.com\/www.leben-atmen.com\/wp-content\/blogs.dir\/6\/files\/2015\/06\/andreas_hofer.jpg?ssl=1\" data-rel=\"lightbox-image-0\" data-rl_title=\"\" data-rl_caption=\"\" title=\"\"><img data-recalc-dims=\"1\" decoding=\"async\" class=\"alignnone size-full\" src=\"https:\/\/i0.wp.com\/www.leben-atmen.com\/wp-content\/blogs.dir\/6\/files\/2015\/06\/andreas_hofer.jpg?w=584&#038;ssl=1\" alt=\"\" \/><\/a><\/div>\n","protected":false},"excerpt":{"rendered":"<p>Heute sind wir in St. Leonhard \u00fcber Nacht geblieben. Ein wirklich entz\u00fcckendes Dorf, sonnig mit vielen Blumen, eingebettet in das Passeiertal, eingerahmt von Bergen. Hier ist der Geburtsort von Andreas Hofer, ein Freiheitsk\u00e4mpfer und Volksheld. Im Ort stehen viele Denkm\u00e4ler &hellip; <a href=\"https:\/\/www.leben-atmen.com\/izmir\/2015\/06\/28\/andreas-hofers-geburtsort\/\">Weiterlesen <span class=\"meta-nav\">&rarr;<\/span><\/a><\/p>\n","protected":false},"author":2,"featured_media":0,"comment_status":"open","ping_status":"open","sticky":false,"template":"","format":"standard","meta":{"_jetpack_memberships_contains_paid_content":false,"footnotes":""},"categories":[1],"tags":[],"class_list":["post-378","post","type-post","status-publish","format-standard","hentry","category-allgemein"],"jetpack_featured_media_url":"","jetpack_sharing_enabled":true,"_links":{"self":[{"href":"https:\/\/www.leben-atmen.com\/izmir\/wp-json\/wp\/v2\/posts\/378","targetHints":{"allow":["GET"]}}],"collection":[{"href":"https:\/\/www.leben-atmen.com\/izmir\/wp-json\/wp\/v2\/posts"}],"about":[{"href":"https:\/\/www.leben-atmen.com\/izmir\/wp-json\/wp\/v2\/types\/post"}],"author":[{"embeddable":true,"href":"https:\/\/www.leben-atmen.com\/izmir\/wp-json\/wp\/v2\/users\/2"}],"replies":[{"embeddable":true,"href":"https:\/\/www.leben-atmen.com\/izmir\/wp-json\/wp\/v2\/comments?post=378"}],"version-history":[{"count":1,"href":"https:\/\/www.leben-atmen.com\/izmir\/wp-json\/wp\/v2\/posts\/378\/revisions"}],"predecessor-version":[{"id":380,"href":"https:\/\/www.leben-atmen.com\/izmir\/wp-json\/wp\/v2\/posts\/378\/revisions\/380"}],"wp:attachment":[{"href":"https:\/\/www.leben-atmen.com\/izmir\/wp-json\/wp\/v2\/media?parent=378"}],"wp:term":[{"taxonomy":"category","embeddable":true,"href":"https:\/\/www.leben-atmen.com\/izmir\/wp-json\/wp\/v2\/categories?post=378"},{"taxonomy":"post_tag","embeddable":true,"href":"https:\/\/www.leben-atmen.com\/izmir\/wp-json\/wp\/v2\/tags?post=378"}],"curies":[{"name":"wp","href":"https:\/\/api.w.org\/{rel}","templated":true}]}}