{"id":331,"date":"2015-06-27T07:50:24","date_gmt":"2015-06-27T05:50:24","guid":{"rendered":"https:\/\/www.leben-atmen.com\/izmir\/?p=331"},"modified":"2015-06-27T07:50:24","modified_gmt":"2015-06-27T05:50:24","slug":"guten-morgen-aus-laengenfeld","status":"publish","type":"post","link":"https:\/\/www.leben-atmen.com\/izmir\/2015\/06\/27\/guten-morgen-aus-laengenfeld\/","title":{"rendered":"Guten Morgen aus L\u00e4ngenfeld"},"content":{"rendered":"<p>Heute also werden wir mit unseren Fahrr\u00e4dern auf das Timmelsjoch fahren.<\/p>\n<p>Aktuell sieht das Wetter noch hervorragend aus. F\u00fcr Nachmittag sind allerdings Gewitter angesagt. Bitte dr\u00fcckt uns die Daumen dass wir rechtzeitig \u00fcber den Berg kommen werden.<br \/>\n&nbsp;<a href=\"https:\/\/i0.wp.com\/www.leben-atmen.com\/wp-content\/blogs.dir\/6\/files\/2015\/06\/IMG_5878.jpg?ssl=1\" data-rel=\"lightbox-image-0\" data-rl_title=\"\" data-rl_caption=\"\" title=\"\"><img data-recalc-dims=\"1\" decoding=\"async\" src=\"https:\/\/i0.wp.com\/www.leben-atmen.com\/wp-content\/blogs.dir\/6\/files\/2015\/06\/IMG_5878.jpg?w=584&#038;ssl=1\" alt=\"\"><\/a>&nbsp;<\/p>\n","protected":false},"excerpt":{"rendered":"<p>Heute also werden wir mit unseren Fahrr\u00e4dern auf das Timmelsjoch fahren. Aktuell sieht das Wetter noch hervorragend aus. F\u00fcr Nachmittag sind allerdings Gewitter angesagt. Bitte dr\u00fcckt uns die Daumen dass wir rechtzeitig \u00fcber den Berg kommen werden. &nbsp;&nbsp;<\/p>\n","protected":false},"author":3,"featured_media":0,"comment_status":"open","ping_status":"open","sticky":false,"template":"","format":"standard","meta":{"_jetpack_memberships_contains_paid_content":false,"footnotes":""},"categories":[1],"tags":[],"class_list":["post-331","post","type-post","status-publish","format-standard","hentry","category-allgemein"],"jetpack_featured_media_url":"","jetpack_sharing_enabled":true,"_links":{"self":[{"href":"https:\/\/www.leben-atmen.com\/izmir\/wp-json\/wp\/v2\/posts\/331","targetHints":{"allow":["GET"]}}],"collection":[{"href":"https:\/\/www.leben-atmen.com\/izmir\/wp-json\/wp\/v2\/posts"}],"about":[{"href":"https:\/\/www.leben-atmen.com\/izmir\/wp-json\/wp\/v2\/types\/post"}],"author":[{"embeddable":true,"href":"https:\/\/www.leben-atmen.com\/izmir\/wp-json\/wp\/v2\/users\/3"}],"replies":[{"embeddable":true,"href":"https:\/\/www.leben-atmen.com\/izmir\/wp-json\/wp\/v2\/comments?post=331"}],"version-history":[{"count":1,"href":"https:\/\/www.leben-atmen.com\/izmir\/wp-json\/wp\/v2\/posts\/331\/revisions"}],"predecessor-version":[{"id":332,"href":"https:\/\/www.leben-atmen.com\/izmir\/wp-json\/wp\/v2\/posts\/331\/revisions\/332"}],"wp:attachment":[{"href":"https:\/\/www.leben-atmen.com\/izmir\/wp-json\/wp\/v2\/media?parent=331"}],"wp:term":[{"taxonomy":"category","embeddable":true,"href":"https:\/\/www.leben-atmen.com\/izmir\/wp-json\/wp\/v2\/categories?post=331"},{"taxonomy":"post_tag","embeddable":true,"href":"https:\/\/www.leben-atmen.com\/izmir\/wp-json\/wp\/v2\/tags?post=331"}],"curies":[{"name":"wp","href":"https:\/\/api.w.org\/{rel}","templated":true}]}}