{"id":318,"date":"2015-06-26T14:20:54","date_gmt":"2015-06-26T12:20:54","guid":{"rendered":"https:\/\/www.leben-atmen.com\/izmir\/?p=318"},"modified":"2015-06-26T14:20:54","modified_gmt":"2015-06-26T12:20:54","slug":"hinein-ins-oetztal","status":"publish","type":"post","link":"https:\/\/www.leben-atmen.com\/izmir\/2015\/06\/26\/hinein-ins-oetztal\/","title":{"rendered":"Hinein ins \u00d6tztal"},"content":{"rendered":"<p>jetzt geht es also los. Wir sind in das \u00d6tzztal eingefahren und werden hoffentlich morgen \u00fcber das Timmelsjoch dieses Tal wieder verlassen.<\/p>\n<p>Vor uns liegen nun circa 1600 H\u00f6henmeter. Das Wetter ist fantastisch, wir haben eine herrliche Fernsicht, es weht ein leichter Wind und es ist sonnig.<br \/>\n&nbsp;<a href=\"https:\/\/i0.wp.com\/www.leben-atmen.com\/wp-content\/blogs.dir\/6\/files\/2015\/06\/IMG_5870.jpg?ssl=1\" data-rel=\"lightbox-image-0\" data-rl_title=\"\" data-rl_caption=\"\" title=\"\"><img data-recalc-dims=\"1\" decoding=\"async\" src=\"https:\/\/i0.wp.com\/www.leben-atmen.com\/wp-content\/blogs.dir\/6\/files\/2015\/06\/IMG_5870.jpg?w=584&#038;ssl=1\" alt=\"\"><\/a>&nbsp;<\/p>\n","protected":false},"excerpt":{"rendered":"<p>jetzt geht es also los. Wir sind in das \u00d6tzztal eingefahren und werden hoffentlich morgen \u00fcber das Timmelsjoch dieses Tal wieder verlassen. Vor uns liegen nun circa 1600 H\u00f6henmeter. Das Wetter ist fantastisch, wir haben eine herrliche Fernsicht, es weht &hellip; <a href=\"https:\/\/www.leben-atmen.com\/izmir\/2015\/06\/26\/hinein-ins-oetztal\/\">Weiterlesen <span class=\"meta-nav\">&rarr;<\/span><\/a><\/p>\n","protected":false},"author":3,"featured_media":0,"comment_status":"open","ping_status":"open","sticky":false,"template":"","format":"standard","meta":{"_jetpack_memberships_contains_paid_content":false,"footnotes":""},"categories":[1],"tags":[],"class_list":["post-318","post","type-post","status-publish","format-standard","hentry","category-allgemein"],"jetpack_featured_media_url":"","jetpack_sharing_enabled":true,"_links":{"self":[{"href":"https:\/\/www.leben-atmen.com\/izmir\/wp-json\/wp\/v2\/posts\/318","targetHints":{"allow":["GET"]}}],"collection":[{"href":"https:\/\/www.leben-atmen.com\/izmir\/wp-json\/wp\/v2\/posts"}],"about":[{"href":"https:\/\/www.leben-atmen.com\/izmir\/wp-json\/wp\/v2\/types\/post"}],"author":[{"embeddable":true,"href":"https:\/\/www.leben-atmen.com\/izmir\/wp-json\/wp\/v2\/users\/3"}],"replies":[{"embeddable":true,"href":"https:\/\/www.leben-atmen.com\/izmir\/wp-json\/wp\/v2\/comments?post=318"}],"version-history":[{"count":1,"href":"https:\/\/www.leben-atmen.com\/izmir\/wp-json\/wp\/v2\/posts\/318\/revisions"}],"predecessor-version":[{"id":319,"href":"https:\/\/www.leben-atmen.com\/izmir\/wp-json\/wp\/v2\/posts\/318\/revisions\/319"}],"wp:attachment":[{"href":"https:\/\/www.leben-atmen.com\/izmir\/wp-json\/wp\/v2\/media?parent=318"}],"wp:term":[{"taxonomy":"category","embeddable":true,"href":"https:\/\/www.leben-atmen.com\/izmir\/wp-json\/wp\/v2\/categories?post=318"},{"taxonomy":"post_tag","embeddable":true,"href":"https:\/\/www.leben-atmen.com\/izmir\/wp-json\/wp\/v2\/tags?post=318"}],"curies":[{"name":"wp","href":"https:\/\/api.w.org\/{rel}","templated":true}]}}