{"id":290,"date":"2015-06-25T14:53:39","date_gmt":"2015-06-25T12:53:39","guid":{"rendered":"https:\/\/www.leben-atmen.com\/izmir\/?p=290"},"modified":"2015-06-25T14:53:39","modified_gmt":"2015-06-25T12:53:39","slug":"auch-reifen-haben-hunger","status":"publish","type":"post","link":"https:\/\/www.leben-atmen.com\/izmir\/2015\/06\/25\/auch-reifen-haben-hunger\/","title":{"rendered":"Auch Reifen haben Hunger"},"content":{"rendered":"<p>So wie wir uns in Partenkirchen bei Salat und Suppe gest\u00e4rkt haben haben auch unsere Reifen hungrig&nbsp;nach Luft. Hier an der Luft-Station wird dem nachgekommen!&nbsp;<\/p>\n<p>Wir waren \u00fcbrigens noch nie in Partenkirchen Innenstadt&nbsp;weil wir nur mit dem Auto durchgebrettert sind. Es ist eine wundersch\u00f6ne Innenstadt und l\u00e4dt zum Verweilen ein.<\/p>\n<p>&nbsp;<a href=\"https:\/\/i0.wp.com\/www.leben-atmen.com\/wp-content\/blogs.dir\/6\/files\/2015\/06\/IMG_5903.jpg?ssl=1\" data-rel=\"lightbox-image-0\" data-rl_title=\"\" data-rl_caption=\"\" title=\"\"><img data-recalc-dims=\"1\" decoding=\"async\" src=\"https:\/\/i0.wp.com\/www.leben-atmen.com\/wp-content\/blogs.dir\/6\/files\/2015\/06\/IMG_5903.jpg?w=584&#038;ssl=1\" alt=\"\"><\/a>&nbsp;<\/p>\n","protected":false},"excerpt":{"rendered":"<p>So wie wir uns in Partenkirchen bei Salat und Suppe gest\u00e4rkt haben haben auch unsere Reifen hungrig&nbsp;nach Luft. Hier an der Luft-Station wird dem nachgekommen!&nbsp; Wir waren \u00fcbrigens noch nie in Partenkirchen Innenstadt&nbsp;weil wir nur mit dem Auto durchgebrettert sind. &hellip; <a href=\"https:\/\/www.leben-atmen.com\/izmir\/2015\/06\/25\/auch-reifen-haben-hunger\/\">Weiterlesen <span class=\"meta-nav\">&rarr;<\/span><\/a><\/p>\n","protected":false},"author":2,"featured_media":0,"comment_status":"open","ping_status":"open","sticky":false,"template":"","format":"standard","meta":{"_jetpack_memberships_contains_paid_content":false,"footnotes":""},"categories":[1],"tags":[],"class_list":["post-290","post","type-post","status-publish","format-standard","hentry","category-allgemein"],"jetpack_featured_media_url":"","jetpack_sharing_enabled":true,"_links":{"self":[{"href":"https:\/\/www.leben-atmen.com\/izmir\/wp-json\/wp\/v2\/posts\/290","targetHints":{"allow":["GET"]}}],"collection":[{"href":"https:\/\/www.leben-atmen.com\/izmir\/wp-json\/wp\/v2\/posts"}],"about":[{"href":"https:\/\/www.leben-atmen.com\/izmir\/wp-json\/wp\/v2\/types\/post"}],"author":[{"embeddable":true,"href":"https:\/\/www.leben-atmen.com\/izmir\/wp-json\/wp\/v2\/users\/2"}],"replies":[{"embeddable":true,"href":"https:\/\/www.leben-atmen.com\/izmir\/wp-json\/wp\/v2\/comments?post=290"}],"version-history":[{"count":1,"href":"https:\/\/www.leben-atmen.com\/izmir\/wp-json\/wp\/v2\/posts\/290\/revisions"}],"predecessor-version":[{"id":291,"href":"https:\/\/www.leben-atmen.com\/izmir\/wp-json\/wp\/v2\/posts\/290\/revisions\/291"}],"wp:attachment":[{"href":"https:\/\/www.leben-atmen.com\/izmir\/wp-json\/wp\/v2\/media?parent=290"}],"wp:term":[{"taxonomy":"category","embeddable":true,"href":"https:\/\/www.leben-atmen.com\/izmir\/wp-json\/wp\/v2\/categories?post=290"},{"taxonomy":"post_tag","embeddable":true,"href":"https:\/\/www.leben-atmen.com\/izmir\/wp-json\/wp\/v2\/tags?post=290"}],"curies":[{"name":"wp","href":"https:\/\/api.w.org\/{rel}","templated":true}]}}