{"id":180,"date":"2015-06-02T08:28:35","date_gmt":"2015-06-02T06:28:35","guid":{"rendered":"https:\/\/www.leben-atmen.com\/izmir\/?p=180"},"modified":"2015-06-02T08:28:35","modified_gmt":"2015-06-02T06:28:35","slug":"so-sieht-das-auf-der-apple-watch-aus","status":"publish","type":"post","link":"https:\/\/www.leben-atmen.com\/izmir\/2015\/06\/02\/so-sieht-das-auf-der-apple-watch-aus\/","title":{"rendered":"So sieht das auf der Apple Watch aus"},"content":{"rendered":"<p>Unsere App l\u00e4sst sich auf der Apple Watch als so genannter Check darstellen. Hier sieht man auf den ersten Blick die bislang insgesamt gefahrenen Kilometer, sowie die H\u00f6henunterschiede. Darunter wird noch ein aktuelles Bild pr\u00e4sentiert. Tippt man die Eintr\u00e4ge an, gelangt man zur App auf der Apple Watch und bekommt noch weitere Informationen.<\/p>\n<p>&nbsp;<a href=\"https:\/\/i0.wp.com\/www.leben-atmen.com\/wp-content\/blogs.dir\/6\/files\/2015\/06\/IMG_5576.png?ssl=1\" data-rel=\"lightbox-image-0\" data-rl_title=\"\" data-rl_caption=\"\" title=\"\"><img data-recalc-dims=\"1\" decoding=\"async\" src=\"https:\/\/i0.wp.com\/www.leben-atmen.com\/wp-content\/blogs.dir\/6\/files\/2015\/06\/IMG_5576.png?w=584&#038;ssl=1\" alt=\"\"><\/a>&nbsp;<\/p>\n","protected":false},"excerpt":{"rendered":"<p>Unsere App l\u00e4sst sich auf der Apple Watch als so genannter Check darstellen. Hier sieht man auf den ersten Blick die bislang insgesamt gefahrenen Kilometer, sowie die H\u00f6henunterschiede. Darunter wird noch ein aktuelles Bild pr\u00e4sentiert. Tippt man die Eintr\u00e4ge an, &hellip; <a href=\"https:\/\/www.leben-atmen.com\/izmir\/2015\/06\/02\/so-sieht-das-auf-der-apple-watch-aus\/\">Weiterlesen <span class=\"meta-nav\">&rarr;<\/span><\/a><\/p>\n","protected":false},"author":3,"featured_media":0,"comment_status":"open","ping_status":"open","sticky":false,"template":"","format":"standard","meta":{"_jetpack_memberships_contains_paid_content":false,"footnotes":""},"categories":[1],"tags":[],"class_list":["post-180","post","type-post","status-publish","format-standard","hentry","category-allgemein"],"jetpack_featured_media_url":"","jetpack_sharing_enabled":true,"_links":{"self":[{"href":"https:\/\/www.leben-atmen.com\/izmir\/wp-json\/wp\/v2\/posts\/180","targetHints":{"allow":["GET"]}}],"collection":[{"href":"https:\/\/www.leben-atmen.com\/izmir\/wp-json\/wp\/v2\/posts"}],"about":[{"href":"https:\/\/www.leben-atmen.com\/izmir\/wp-json\/wp\/v2\/types\/post"}],"author":[{"embeddable":true,"href":"https:\/\/www.leben-atmen.com\/izmir\/wp-json\/wp\/v2\/users\/3"}],"replies":[{"embeddable":true,"href":"https:\/\/www.leben-atmen.com\/izmir\/wp-json\/wp\/v2\/comments?post=180"}],"version-history":[{"count":1,"href":"https:\/\/www.leben-atmen.com\/izmir\/wp-json\/wp\/v2\/posts\/180\/revisions"}],"predecessor-version":[{"id":181,"href":"https:\/\/www.leben-atmen.com\/izmir\/wp-json\/wp\/v2\/posts\/180\/revisions\/181"}],"wp:attachment":[{"href":"https:\/\/www.leben-atmen.com\/izmir\/wp-json\/wp\/v2\/media?parent=180"}],"wp:term":[{"taxonomy":"category","embeddable":true,"href":"https:\/\/www.leben-atmen.com\/izmir\/wp-json\/wp\/v2\/categories?post=180"},{"taxonomy":"post_tag","embeddable":true,"href":"https:\/\/www.leben-atmen.com\/izmir\/wp-json\/wp\/v2\/tags?post=180"}],"curies":[{"name":"wp","href":"https:\/\/api.w.org\/{rel}","templated":true}]}}