{"id":84,"date":"2016-07-12T17:22:42","date_gmt":"2016-07-12T15:22:42","guid":{"rendered":"https:\/\/www.leben-atmen.com\/italien\/?p=84"},"modified":"2016-07-12T17:22:42","modified_gmt":"2016-07-12T15:22:42","slug":"zuhause","status":"publish","type":"post","link":"https:\/\/www.leben-atmen.com\/italien\/2016\/07\/12\/zuhause\/","title":{"rendered":"Zuhause"},"content":{"rendered":"<p>Diesmal fiel mir der Abschied von zuhause besonders schwer. Warum? Ich wei\u00df es nicht genau. Es ist vielleicht die Erfahrung aus den vergangenen Radreisen, dauern sie doch entsprechend lange. Mein Zuhause ist mein U-Boot, meine Insel, meine Festung und meine Komfortzone. Wobei &#8211; was bedeutet denn \u201emein Zuhause\u201c? Ein fester Ort, ein Hotel, das immer an der selben Stelle steht? Menschen, die man \u00f6fter sieht, als einmal im Leben? Alltag? Ja, das geh\u00f6rt alles dazu.<\/p>\n<p>Zuhause ist dann nicht sch\u00f6n, wenn der geliebte Mensch nicht da ist. Oder die Vorstellung, gar nicht mehr weg zu kommen, f\u00fcr immer zuhause bleiben zu m\u00fcssen. \u00dcber den Winter sind die Monate zuhause oft relativ z\u00e4h, einsam und langatmig.<\/p>\n<p>Dennoch ist es mir schwergefallen, wieder mal loszulassen. Vielleicht kommt das ja auch daher, weil man sich vor so einer Reise noch bewusster und intensiver mit dem Zuhause auseinandersetzt, als sonst &#8211; man muss daf\u00fcr sorgen, dass es gut versorgt ist, w\u00e4hrend man nicht da ist.<\/p>\n<p>Und da ist immer noch die Vorstellung, einmal von einer Reise nicht zur\u00fcck zu kehren. Allerdings war dies immer unbegr\u00fcndet. Und wenn, dann w\u00fcsste man es ja nicht einmal, dass es das letzte Mal war, dass man zuhause war. Au\u00dferdem ist es doch so, dass auch im Alltag nicht sicher ist, dass der Weg einen noch einmal nach Hause f\u00fchrt. Also ist es doch zu sentimental von mir, solches zu denken.<\/p>\n<p>Nun, ich bin nun schon zwei Tage fort und das Heimweh ist fast weg und an dessen Stelle tritt das Fernweh, das mich weiter treibt. Gibt es doch so viel zu erleben, au\u00dferhalb von Zuhause. Da kann man noch f\u00fcr den Rest seines Lebens sein!<\/p>\n<p><a href=\"https:\/\/www.leben-atmen.com\/wp-content\/blogs.dir\/8\/files\/2016\/07\/0309ed89f487193277cc86b75bb08d48.jpg\" data-rel=\"lightbox-image-0\" data-rl_title=\"\" data-rl_caption=\"\" title=\"\"><img decoding=\"async\" class=\"alignnone size-full\" src=\"https:\/\/www.leben-atmen.com\/wp-content\/blogs.dir\/8\/files\/2016\/07\/0309ed89f487193277cc86b75bb08d48.jpg\" alt=\"\" \/><\/a><\/p>\n","protected":false},"excerpt":{"rendered":"<p>Diesmal fiel mir der Abschied von zuhause besonders schwer. Warum? Ich wei\u00df es nicht genau. Es ist vielleicht die Erfahrung aus den vergangenen Radreisen, dauern sie doch entsprechend lange. Mein Zuhause ist mein U-Boot, meine Insel, meine Festung und meine &hellip; <a href=\"https:\/\/www.leben-atmen.com\/italien\/2016\/07\/12\/zuhause\/\">Weiterlesen <span class=\"meta-nav\">&rarr;<\/span><\/a><\/p>\n","protected":false},"author":2,"featured_media":0,"comment_status":"open","ping_status":"open","sticky":false,"template":"","format":"standard","meta":{"_jetpack_memberships_contains_paid_content":false,"footnotes":""},"categories":[1],"tags":[],"class_list":["post-84","post","type-post","status-publish","format-standard","hentry","category-allgemein"],"jetpack_featured_media_url":"","jetpack_sharing_enabled":true,"_links":{"self":[{"href":"https:\/\/www.leben-atmen.com\/italien\/wp-json\/wp\/v2\/posts\/84","targetHints":{"allow":["GET"]}}],"collection":[{"href":"https:\/\/www.leben-atmen.com\/italien\/wp-json\/wp\/v2\/posts"}],"about":[{"href":"https:\/\/www.leben-atmen.com\/italien\/wp-json\/wp\/v2\/types\/post"}],"author":[{"embeddable":true,"href":"https:\/\/www.leben-atmen.com\/italien\/wp-json\/wp\/v2\/users\/2"}],"replies":[{"embeddable":true,"href":"https:\/\/www.leben-atmen.com\/italien\/wp-json\/wp\/v2\/comments?post=84"}],"version-history":[{"count":1,"href":"https:\/\/www.leben-atmen.com\/italien\/wp-json\/wp\/v2\/posts\/84\/revisions"}],"predecessor-version":[{"id":86,"href":"https:\/\/www.leben-atmen.com\/italien\/wp-json\/wp\/v2\/posts\/84\/revisions\/86"}],"wp:attachment":[{"href":"https:\/\/www.leben-atmen.com\/italien\/wp-json\/wp\/v2\/media?parent=84"}],"wp:term":[{"taxonomy":"category","embeddable":true,"href":"https:\/\/www.leben-atmen.com\/italien\/wp-json\/wp\/v2\/categories?post=84"},{"taxonomy":"post_tag","embeddable":true,"href":"https:\/\/www.leben-atmen.com\/italien\/wp-json\/wp\/v2\/tags?post=84"}],"curies":[{"name":"wp","href":"https:\/\/api.w.org\/{rel}","templated":true}]}}