{"id":634,"date":"2016-08-09T14:06:04","date_gmt":"2016-08-09T12:06:04","guid":{"rendered":"https:\/\/www.leben-atmen.com\/italien\/?p=634"},"modified":"2016-08-21T08:30:54","modified_gmt":"2016-08-21T06:30:54","slug":"liebliches-bevagna","status":"publish","type":"post","link":"https:\/\/www.leben-atmen.com\/italien\/2016\/08\/09\/liebliches-bevagna\/","title":{"rendered":"Liebliches Bevagna"},"content":{"rendered":"<p>wir\u00a0g\u00f6nnen uns hier eine kleine Pause, und genie\u00dfen die sch\u00f6ne Innenstadt des kleinen St\u00e4dtchens. Es hat sich in den letzten zehn Jahren ganz sch\u00f6n gemausert.<br \/>\n<a href=\"https:\/\/www.leben-atmen.com\/wp-content\/blogs.dir\/8\/files\/2016\/08\/03d3312a7e45f3a5a7073833dab18e16.jpg\" data-rel=\"lightbox-image-0\" data-rl_title=\"\" data-rl_caption=\"\" title=\"\"><img loading=\"lazy\" decoding=\"async\" class=\"alignnone size-full wp-image-631\" src=\"https:\/\/www.leben-atmen.com\/wp-content\/blogs.dir\/8\/files\/2016\/08\/03d3312a7e45f3a5a7073833dab18e16.jpg\" alt=\"\" width=\"374\" height=\"500\" srcset=\"https:\/\/www.leben-atmen.com\/wp-content\/blogs.dir\/8\/files\/2016\/08\/03d3312a7e45f3a5a7073833dab18e16.jpg 374w, https:\/\/www.leben-atmen.com\/wp-content\/blogs.dir\/8\/files\/2016\/08\/03d3312a7e45f3a5a7073833dab18e16-224x300.jpg 224w\" sizes=\"auto, (max-width: 374px) 100vw, 374px\" \/><\/a><a href=\"https:\/\/www.leben-atmen.com\/wp-content\/blogs.dir\/8\/files\/2016\/08\/b81e3644308fcf60bb431ca765945620.jpg\" data-rel=\"lightbox-image-1\" data-rl_title=\"\" data-rl_caption=\"\" title=\"\"><img loading=\"lazy\" decoding=\"async\" class=\"alignnone size-full wp-image-632\" src=\"https:\/\/www.leben-atmen.com\/wp-content\/blogs.dir\/8\/files\/2016\/08\/b81e3644308fcf60bb431ca765945620.jpg\" alt=\"\" width=\"974\" height=\"1300\" srcset=\"https:\/\/www.leben-atmen.com\/wp-content\/blogs.dir\/8\/files\/2016\/08\/b81e3644308fcf60bb431ca765945620.jpg 974w, https:\/\/www.leben-atmen.com\/wp-content\/blogs.dir\/8\/files\/2016\/08\/b81e3644308fcf60bb431ca765945620-225x300.jpg 225w, https:\/\/www.leben-atmen.com\/wp-content\/blogs.dir\/8\/files\/2016\/08\/b81e3644308fcf60bb431ca765945620-768x1025.jpg 768w, https:\/\/www.leben-atmen.com\/wp-content\/blogs.dir\/8\/files\/2016\/08\/b81e3644308fcf60bb431ca765945620-767x1024.jpg 767w\" sizes=\"auto, (max-width: 974px) 100vw, 974px\" \/><\/a><a href=\"https:\/\/www.leben-atmen.com\/wp-content\/blogs.dir\/8\/files\/2016\/08\/ab97c3c3970b19f545019effa083ca60.jpg\" data-rel=\"lightbox-image-2\" data-rl_title=\"\" data-rl_caption=\"\" title=\"\"><img loading=\"lazy\" decoding=\"async\" class=\"alignnone size-full wp-image-633\" src=\"https:\/\/www.leben-atmen.com\/wp-content\/blogs.dir\/8\/files\/2016\/08\/ab97c3c3970b19f545019effa083ca60.jpg\" alt=\"\" width=\"974\" height=\"1300\" srcset=\"https:\/\/www.leben-atmen.com\/wp-content\/blogs.dir\/8\/files\/2016\/08\/ab97c3c3970b19f545019effa083ca60.jpg 974w, https:\/\/www.leben-atmen.com\/wp-content\/blogs.dir\/8\/files\/2016\/08\/ab97c3c3970b19f545019effa083ca60-225x300.jpg 225w, https:\/\/www.leben-atmen.com\/wp-content\/blogs.dir\/8\/files\/2016\/08\/ab97c3c3970b19f545019effa083ca60-768x1025.jpg 768w, https:\/\/www.leben-atmen.com\/wp-content\/blogs.dir\/8\/files\/2016\/08\/ab97c3c3970b19f545019effa083ca60-767x1024.jpg 767w\" sizes=\"auto, (max-width: 974px) 100vw, 974px\" \/><\/a><\/p>\n","protected":false},"excerpt":{"rendered":"<p>wir\u00a0g\u00f6nnen uns hier eine kleine Pause, und genie\u00dfen die sch\u00f6ne Innenstadt des kleinen St\u00e4dtchens. Es hat sich in den letzten zehn Jahren ganz sch\u00f6n gemausert.<\/p>\n","protected":false},"author":2,"featured_media":0,"comment_status":"open","ping_status":"open","sticky":false,"template":"","format":"standard","meta":{"_jetpack_memberships_contains_paid_content":false,"footnotes":""},"categories":[1],"tags":[],"class_list":["post-634","post","type-post","status-publish","format-standard","hentry","category-allgemein"],"jetpack_featured_media_url":"","jetpack_sharing_enabled":true,"_links":{"self":[{"href":"https:\/\/www.leben-atmen.com\/italien\/wp-json\/wp\/v2\/posts\/634","targetHints":{"allow":["GET"]}}],"collection":[{"href":"https:\/\/www.leben-atmen.com\/italien\/wp-json\/wp\/v2\/posts"}],"about":[{"href":"https:\/\/www.leben-atmen.com\/italien\/wp-json\/wp\/v2\/types\/post"}],"author":[{"embeddable":true,"href":"https:\/\/www.leben-atmen.com\/italien\/wp-json\/wp\/v2\/users\/2"}],"replies":[{"embeddable":true,"href":"https:\/\/www.leben-atmen.com\/italien\/wp-json\/wp\/v2\/comments?post=634"}],"version-history":[{"count":2,"href":"https:\/\/www.leben-atmen.com\/italien\/wp-json\/wp\/v2\/posts\/634\/revisions"}],"predecessor-version":[{"id":635,"href":"https:\/\/www.leben-atmen.com\/italien\/wp-json\/wp\/v2\/posts\/634\/revisions\/635"}],"wp:attachment":[{"href":"https:\/\/www.leben-atmen.com\/italien\/wp-json\/wp\/v2\/media?parent=634"}],"wp:term":[{"taxonomy":"category","embeddable":true,"href":"https:\/\/www.leben-atmen.com\/italien\/wp-json\/wp\/v2\/categories?post=634"},{"taxonomy":"post_tag","embeddable":true,"href":"https:\/\/www.leben-atmen.com\/italien\/wp-json\/wp\/v2\/tags?post=634"}],"curies":[{"name":"wp","href":"https:\/\/api.w.org\/{rel}","templated":true}]}}