{"id":567,"date":"2016-08-06T11:14:29","date_gmt":"2016-08-06T09:14:29","guid":{"rendered":"https:\/\/www.leben-atmen.com\/italien\/?p=567"},"modified":"2016-08-06T11:14:29","modified_gmt":"2016-08-06T09:14:29","slug":"kloster-greccio","status":"publish","type":"post","link":"https:\/\/www.leben-atmen.com\/italien\/2016\/08\/06\/kloster-greccio\/","title":{"rendered":"Kloster Greccio"},"content":{"rendered":"<p>wir besichtigen am Morgen das Kloster,das am Hang spektakul\u00e4r eingebaut ist. Hier kann man die gr\u00f6\u00dfte Krippenausstellung der Welt besichtigen und viele alte Kunstwerke.<\/p>\n<p><a href=\"https:\/\/www.leben-atmen.com\/wp-content\/blogs.dir\/8\/files\/2016\/08\/ec7f220fdb41c25037dc89ca1a2a02aa.jpg\" data-rel=\"lightbox-image-0\" data-rl_title=\"\" data-rl_caption=\"\" title=\"\"><img loading=\"lazy\" decoding=\"async\" src=\"https:\/\/www.leben-atmen.com\/wp-content\/blogs.dir\/8\/files\/2016\/08\/ec7f220fdb41c25037dc89ca1a2a02aa.jpg\" alt=\"\" width=\"374\" height=\"500\" class=\"alignnone size-full wp-image-563\" srcset=\"https:\/\/www.leben-atmen.com\/wp-content\/blogs.dir\/8\/files\/2016\/08\/ec7f220fdb41c25037dc89ca1a2a02aa.jpg 374w, https:\/\/www.leben-atmen.com\/wp-content\/blogs.dir\/8\/files\/2016\/08\/ec7f220fdb41c25037dc89ca1a2a02aa-224x300.jpg 224w\" sizes=\"auto, (max-width: 374px) 100vw, 374px\" \/><\/a><a href=\"https:\/\/www.leben-atmen.com\/wp-content\/blogs.dir\/8\/files\/2016\/08\/f866f359f3985e4e4040be33a1a69842.jpg\" data-rel=\"lightbox-image-1\" data-rl_title=\"\" data-rl_caption=\"\" title=\"\"><img loading=\"lazy\" decoding=\"async\" src=\"https:\/\/www.leben-atmen.com\/wp-content\/blogs.dir\/8\/files\/2016\/08\/f866f359f3985e4e4040be33a1a69842.jpg\" alt=\"\" width=\"974\" height=\"1300\" class=\"alignnone size-full wp-image-564\" srcset=\"https:\/\/www.leben-atmen.com\/wp-content\/blogs.dir\/8\/files\/2016\/08\/f866f359f3985e4e4040be33a1a69842.jpg 974w, https:\/\/www.leben-atmen.com\/wp-content\/blogs.dir\/8\/files\/2016\/08\/f866f359f3985e4e4040be33a1a69842-225x300.jpg 225w, https:\/\/www.leben-atmen.com\/wp-content\/blogs.dir\/8\/files\/2016\/08\/f866f359f3985e4e4040be33a1a69842-768x1025.jpg 768w, https:\/\/www.leben-atmen.com\/wp-content\/blogs.dir\/8\/files\/2016\/08\/f866f359f3985e4e4040be33a1a69842-767x1024.jpg 767w\" sizes=\"auto, (max-width: 974px) 100vw, 974px\" \/><\/a><a href=\"https:\/\/www.leben-atmen.com\/wp-content\/blogs.dir\/8\/files\/2016\/08\/3966c365d33606e1aec1398afaa01d70.jpg\" data-rel=\"lightbox-image-2\" data-rl_title=\"\" data-rl_caption=\"\" title=\"\"><img loading=\"lazy\" decoding=\"async\" src=\"https:\/\/www.leben-atmen.com\/wp-content\/blogs.dir\/8\/files\/2016\/08\/3966c365d33606e1aec1398afaa01d70.jpg\" alt=\"\" width=\"974\" height=\"1300\" class=\"alignnone size-full wp-image-565\" srcset=\"https:\/\/www.leben-atmen.com\/wp-content\/blogs.dir\/8\/files\/2016\/08\/3966c365d33606e1aec1398afaa01d70.jpg 974w, https:\/\/www.leben-atmen.com\/wp-content\/blogs.dir\/8\/files\/2016\/08\/3966c365d33606e1aec1398afaa01d70-225x300.jpg 225w, https:\/\/www.leben-atmen.com\/wp-content\/blogs.dir\/8\/files\/2016\/08\/3966c365d33606e1aec1398afaa01d70-768x1025.jpg 768w, https:\/\/www.leben-atmen.com\/wp-content\/blogs.dir\/8\/files\/2016\/08\/3966c365d33606e1aec1398afaa01d70-767x1024.jpg 767w\" sizes=\"auto, (max-width: 974px) 100vw, 974px\" \/><\/a><a href=\"https:\/\/www.leben-atmen.com\/wp-content\/blogs.dir\/8\/files\/2016\/08\/15b690a7248bf7758fb5daf39d2ffcb4.jpg\" data-rel=\"lightbox-image-3\" data-rl_title=\"\" data-rl_caption=\"\" title=\"\"><img loading=\"lazy\" decoding=\"async\" src=\"https:\/\/www.leben-atmen.com\/wp-content\/blogs.dir\/8\/files\/2016\/08\/15b690a7248bf7758fb5daf39d2ffcb4.jpg\" alt=\"\" width=\"1300\" height=\"974\" class=\"alignnone size-full wp-image-566\" srcset=\"https:\/\/www.leben-atmen.com\/wp-content\/blogs.dir\/8\/files\/2016\/08\/15b690a7248bf7758fb5daf39d2ffcb4.jpg 1300w, https:\/\/www.leben-atmen.com\/wp-content\/blogs.dir\/8\/files\/2016\/08\/15b690a7248bf7758fb5daf39d2ffcb4-300x225.jpg 300w, https:\/\/www.leben-atmen.com\/wp-content\/blogs.dir\/8\/files\/2016\/08\/15b690a7248bf7758fb5daf39d2ffcb4-768x575.jpg 768w, https:\/\/www.leben-atmen.com\/wp-content\/blogs.dir\/8\/files\/2016\/08\/15b690a7248bf7758fb5daf39d2ffcb4-1024x767.jpg 1024w, https:\/\/www.leben-atmen.com\/wp-content\/blogs.dir\/8\/files\/2016\/08\/15b690a7248bf7758fb5daf39d2ffcb4-1200x899.jpg 1200w\" sizes=\"auto, (max-width: 1300px) 100vw, 1300px\" \/><\/a><\/p>\n","protected":false},"excerpt":{"rendered":"<p>wir besichtigen am Morgen das Kloster,das am Hang spektakul\u00e4r eingebaut ist. Hier kann man die gr\u00f6\u00dfte Krippenausstellung der Welt besichtigen und viele alte Kunstwerke.<\/p>\n","protected":false},"author":2,"featured_media":0,"comment_status":"open","ping_status":"open","sticky":false,"template":"","format":"standard","meta":{"_jetpack_memberships_contains_paid_content":false,"footnotes":""},"categories":[1],"tags":[],"class_list":["post-567","post","type-post","status-publish","format-standard","hentry","category-allgemein"],"jetpack_featured_media_url":"","jetpack_sharing_enabled":true,"_links":{"self":[{"href":"https:\/\/www.leben-atmen.com\/italien\/wp-json\/wp\/v2\/posts\/567","targetHints":{"allow":["GET"]}}],"collection":[{"href":"https:\/\/www.leben-atmen.com\/italien\/wp-json\/wp\/v2\/posts"}],"about":[{"href":"https:\/\/www.leben-atmen.com\/italien\/wp-json\/wp\/v2\/types\/post"}],"author":[{"embeddable":true,"href":"https:\/\/www.leben-atmen.com\/italien\/wp-json\/wp\/v2\/users\/2"}],"replies":[{"embeddable":true,"href":"https:\/\/www.leben-atmen.com\/italien\/wp-json\/wp\/v2\/comments?post=567"}],"version-history":[{"count":1,"href":"https:\/\/www.leben-atmen.com\/italien\/wp-json\/wp\/v2\/posts\/567\/revisions"}],"predecessor-version":[{"id":568,"href":"https:\/\/www.leben-atmen.com\/italien\/wp-json\/wp\/v2\/posts\/567\/revisions\/568"}],"wp:attachment":[{"href":"https:\/\/www.leben-atmen.com\/italien\/wp-json\/wp\/v2\/media?parent=567"}],"wp:term":[{"taxonomy":"category","embeddable":true,"href":"https:\/\/www.leben-atmen.com\/italien\/wp-json\/wp\/v2\/categories?post=567"},{"taxonomy":"post_tag","embeddable":true,"href":"https:\/\/www.leben-atmen.com\/italien\/wp-json\/wp\/v2\/tags?post=567"}],"curies":[{"name":"wp","href":"https:\/\/api.w.org\/{rel}","templated":true}]}}