{"id":483,"date":"2016-08-02T12:13:49","date_gmt":"2016-08-02T10:13:49","guid":{"rendered":"https:\/\/www.leben-atmen.com\/italien\/?p=483"},"modified":"2016-08-02T12:13:49","modified_gmt":"2016-08-02T10:13:49","slug":"immer-am-kanal-entlang-2","status":"publish","type":"post","link":"https:\/\/www.leben-atmen.com\/italien\/2016\/08\/02\/immer-am-kanal-entlang-2\/","title":{"rendered":"Immer am Kanal entlang"},"content":{"rendered":"<p>nach einer v\u00f6llig \u00fcberf\u00fcllten, kleinen Landstra\u00dfe, haben wir eineleere Kanalstra\u00dfe gefunden. Sie f\u00fchrt weiter in Richtung S\u00fcden.<\/p>\n<p><a href=\"https:\/\/www.leben-atmen.com\/wp-content\/blogs.dir\/8\/files\/2016\/08\/0af33e046694d10d9af10c96252c8a81.jpg\" data-rel=\"lightbox-image-0\" data-rl_title=\"\" data-rl_caption=\"\" title=\"\"><img loading=\"lazy\" decoding=\"async\" src=\"https:\/\/www.leben-atmen.com\/wp-content\/blogs.dir\/8\/files\/2016\/08\/0af33e046694d10d9af10c96252c8a81.jpg\" alt=\"\" width=\"374\" height=\"280\" class=\"alignnone size-full wp-image-481\" srcset=\"https:\/\/www.leben-atmen.com\/wp-content\/blogs.dir\/8\/files\/2016\/08\/0af33e046694d10d9af10c96252c8a81.jpg 374w, https:\/\/www.leben-atmen.com\/wp-content\/blogs.dir\/8\/files\/2016\/08\/0af33e046694d10d9af10c96252c8a81-300x225.jpg 300w\" sizes=\"auto, (max-width: 374px) 100vw, 374px\" \/><\/a><a href=\"https:\/\/www.leben-atmen.com\/wp-content\/blogs.dir\/8\/files\/2016\/08\/74ba38dd342df7240379d642a9bb021c.jpg\" data-rel=\"lightbox-image-1\" data-rl_title=\"\" data-rl_caption=\"\" title=\"\"><img loading=\"lazy\" decoding=\"async\" src=\"https:\/\/www.leben-atmen.com\/wp-content\/blogs.dir\/8\/files\/2016\/08\/74ba38dd342df7240379d642a9bb021c.jpg\" alt=\"\" width=\"1300\" height=\"974\" class=\"alignnone size-full wp-image-482\" srcset=\"https:\/\/www.leben-atmen.com\/wp-content\/blogs.dir\/8\/files\/2016\/08\/74ba38dd342df7240379d642a9bb021c.jpg 1300w, https:\/\/www.leben-atmen.com\/wp-content\/blogs.dir\/8\/files\/2016\/08\/74ba38dd342df7240379d642a9bb021c-300x225.jpg 300w, https:\/\/www.leben-atmen.com\/wp-content\/blogs.dir\/8\/files\/2016\/08\/74ba38dd342df7240379d642a9bb021c-768x575.jpg 768w, https:\/\/www.leben-atmen.com\/wp-content\/blogs.dir\/8\/files\/2016\/08\/74ba38dd342df7240379d642a9bb021c-1024x767.jpg 1024w, https:\/\/www.leben-atmen.com\/wp-content\/blogs.dir\/8\/files\/2016\/08\/74ba38dd342df7240379d642a9bb021c-1200x899.jpg 1200w\" sizes=\"auto, (max-width: 1300px) 100vw, 1300px\" \/><\/a><\/p>\n","protected":false},"excerpt":{"rendered":"<p>nach einer v\u00f6llig \u00fcberf\u00fcllten, kleinen Landstra\u00dfe, haben wir eineleere Kanalstra\u00dfe gefunden. Sie f\u00fchrt weiter in Richtung S\u00fcden.<\/p>\n","protected":false},"author":2,"featured_media":0,"comment_status":"open","ping_status":"open","sticky":false,"template":"","format":"standard","meta":{"_jetpack_memberships_contains_paid_content":false,"footnotes":""},"categories":[1],"tags":[],"class_list":["post-483","post","type-post","status-publish","format-standard","hentry","category-allgemein"],"jetpack_featured_media_url":"","jetpack_sharing_enabled":true,"_links":{"self":[{"href":"https:\/\/www.leben-atmen.com\/italien\/wp-json\/wp\/v2\/posts\/483","targetHints":{"allow":["GET"]}}],"collection":[{"href":"https:\/\/www.leben-atmen.com\/italien\/wp-json\/wp\/v2\/posts"}],"about":[{"href":"https:\/\/www.leben-atmen.com\/italien\/wp-json\/wp\/v2\/types\/post"}],"author":[{"embeddable":true,"href":"https:\/\/www.leben-atmen.com\/italien\/wp-json\/wp\/v2\/users\/2"}],"replies":[{"embeddable":true,"href":"https:\/\/www.leben-atmen.com\/italien\/wp-json\/wp\/v2\/comments?post=483"}],"version-history":[{"count":1,"href":"https:\/\/www.leben-atmen.com\/italien\/wp-json\/wp\/v2\/posts\/483\/revisions"}],"predecessor-version":[{"id":484,"href":"https:\/\/www.leben-atmen.com\/italien\/wp-json\/wp\/v2\/posts\/483\/revisions\/484"}],"wp:attachment":[{"href":"https:\/\/www.leben-atmen.com\/italien\/wp-json\/wp\/v2\/media?parent=483"}],"wp:term":[{"taxonomy":"category","embeddable":true,"href":"https:\/\/www.leben-atmen.com\/italien\/wp-json\/wp\/v2\/categories?post=483"},{"taxonomy":"post_tag","embeddable":true,"href":"https:\/\/www.leben-atmen.com\/italien\/wp-json\/wp\/v2\/tags?post=483"}],"curies":[{"name":"wp","href":"https:\/\/api.w.org\/{rel}","templated":true}]}}