{"id":476,"date":"2016-08-02T10:21:26","date_gmt":"2016-08-02T08:21:26","guid":{"rendered":"https:\/\/www.leben-atmen.com\/italien\/?p=476"},"modified":"2016-08-02T10:21:26","modified_gmt":"2016-08-02T08:21:26","slug":"arrivederci-oristano","status":"publish","type":"post","link":"https:\/\/www.leben-atmen.com\/italien\/2016\/08\/02\/arrivederci-oristano\/","title":{"rendered":"Arrivederci Oristano"},"content":{"rendered":"<p>die erste Stadt, die nicht von Touristen \u00fcberf\u00fcllt war Oristano, es war sehr angenehm hier zu sein. Aber auch hier hei\u00dft es Abschied nehmen. Wir fahren in Richtung Cagliari, und werden uns zunah wie m\u00f6glich an die Stadt herantasten, um dann morgen auf die F\u00e4hre zu gehen.<\/p>\n<p><a href=\"https:\/\/www.leben-atmen.com\/wp-content\/blogs.dir\/8\/files\/2016\/08\/35de08d7de828a93ff62147896d6b588.jpg\" data-rel=\"lightbox-image-0\" data-rl_title=\"\" data-rl_caption=\"\" title=\"\"><img loading=\"lazy\" decoding=\"async\" src=\"https:\/\/www.leben-atmen.com\/wp-content\/blogs.dir\/8\/files\/2016\/08\/35de08d7de828a93ff62147896d6b588.jpg\" alt=\"\" width=\"374\" height=\"500\" class=\"alignnone size-full wp-image-475\" srcset=\"https:\/\/www.leben-atmen.com\/wp-content\/blogs.dir\/8\/files\/2016\/08\/35de08d7de828a93ff62147896d6b588.jpg 374w, https:\/\/www.leben-atmen.com\/wp-content\/blogs.dir\/8\/files\/2016\/08\/35de08d7de828a93ff62147896d6b588-224x300.jpg 224w\" sizes=\"auto, (max-width: 374px) 100vw, 374px\" \/><\/a><\/p>\n","protected":false},"excerpt":{"rendered":"<p>die erste Stadt, die nicht von Touristen \u00fcberf\u00fcllt war Oristano, es war sehr angenehm hier zu sein. Aber auch hier hei\u00dft es Abschied nehmen. Wir fahren in Richtung Cagliari, und werden uns zunah wie m\u00f6glich an die Stadt herantasten, um &hellip; <a href=\"https:\/\/www.leben-atmen.com\/italien\/2016\/08\/02\/arrivederci-oristano\/\">Weiterlesen <span class=\"meta-nav\">&rarr;<\/span><\/a><\/p>\n","protected":false},"author":2,"featured_media":0,"comment_status":"open","ping_status":"open","sticky":false,"template":"","format":"standard","meta":{"_jetpack_memberships_contains_paid_content":false,"footnotes":""},"categories":[1],"tags":[],"class_list":["post-476","post","type-post","status-publish","format-standard","hentry","category-allgemein"],"jetpack_featured_media_url":"","jetpack_sharing_enabled":true,"_links":{"self":[{"href":"https:\/\/www.leben-atmen.com\/italien\/wp-json\/wp\/v2\/posts\/476","targetHints":{"allow":["GET"]}}],"collection":[{"href":"https:\/\/www.leben-atmen.com\/italien\/wp-json\/wp\/v2\/posts"}],"about":[{"href":"https:\/\/www.leben-atmen.com\/italien\/wp-json\/wp\/v2\/types\/post"}],"author":[{"embeddable":true,"href":"https:\/\/www.leben-atmen.com\/italien\/wp-json\/wp\/v2\/users\/2"}],"replies":[{"embeddable":true,"href":"https:\/\/www.leben-atmen.com\/italien\/wp-json\/wp\/v2\/comments?post=476"}],"version-history":[{"count":1,"href":"https:\/\/www.leben-atmen.com\/italien\/wp-json\/wp\/v2\/posts\/476\/revisions"}],"predecessor-version":[{"id":477,"href":"https:\/\/www.leben-atmen.com\/italien\/wp-json\/wp\/v2\/posts\/476\/revisions\/477"}],"wp:attachment":[{"href":"https:\/\/www.leben-atmen.com\/italien\/wp-json\/wp\/v2\/media?parent=476"}],"wp:term":[{"taxonomy":"category","embeddable":true,"href":"https:\/\/www.leben-atmen.com\/italien\/wp-json\/wp\/v2\/categories?post=476"},{"taxonomy":"post_tag","embeddable":true,"href":"https:\/\/www.leben-atmen.com\/italien\/wp-json\/wp\/v2\/tags?post=476"}],"curies":[{"name":"wp","href":"https:\/\/api.w.org\/{rel}","templated":true}]}}