{"id":424,"date":"2016-07-31T11:06:08","date_gmt":"2016-07-31T09:06:08","guid":{"rendered":"https:\/\/www.leben-atmen.com\/italien\/?p=424"},"modified":"2016-07-31T11:06:08","modified_gmt":"2016-07-31T09:06:08","slug":"weiter-am-meer-entlang","status":"publish","type":"post","link":"https:\/\/www.leben-atmen.com\/italien\/2016\/07\/31\/weiter-am-meer-entlang\/","title":{"rendered":"Weiter am Meer entlang"},"content":{"rendered":"<p>wir fahren Berg auf und Berg ab und es ist sehr hei\u00df aber sch\u00f6n. Die Landschaft ist sehr nat\u00fcrlich, und das Meer liegt wie ein Spiegel vor uns.<br \/>\n<a href=\"https:\/\/www.leben-atmen.com\/wp-content\/blogs.dir\/8\/files\/2016\/07\/249fd038758bfe423545242dece6d232.jpg\" data-rel=\"lightbox-image-0\" data-rl_title=\"\" data-rl_caption=\"\" title=\"\"><img loading=\"lazy\" decoding=\"async\" src=\"https:\/\/www.leben-atmen.com\/wp-content\/blogs.dir\/8\/files\/2016\/07\/249fd038758bfe423545242dece6d232.jpg\" alt=\"\" width=\"1300\" height=\"974\" class=\"alignnone size-full wp-image-423\" srcset=\"https:\/\/www.leben-atmen.com\/wp-content\/blogs.dir\/8\/files\/2016\/07\/249fd038758bfe423545242dece6d232.jpg 1300w, https:\/\/www.leben-atmen.com\/wp-content\/blogs.dir\/8\/files\/2016\/07\/249fd038758bfe423545242dece6d232-300x225.jpg 300w, https:\/\/www.leben-atmen.com\/wp-content\/blogs.dir\/8\/files\/2016\/07\/249fd038758bfe423545242dece6d232-768x575.jpg 768w, https:\/\/www.leben-atmen.com\/wp-content\/blogs.dir\/8\/files\/2016\/07\/249fd038758bfe423545242dece6d232-1024x767.jpg 1024w, https:\/\/www.leben-atmen.com\/wp-content\/blogs.dir\/8\/files\/2016\/07\/249fd038758bfe423545242dece6d232-1200x899.jpg 1200w\" sizes=\"auto, (max-width: 1300px) 100vw, 1300px\" \/><\/a><a href=\"https:\/\/www.leben-atmen.com\/wp-content\/blogs.dir\/8\/files\/2016\/07\/875f7d98bd57972dfb90c2e6c8f34a23.jpg\" data-rel=\"lightbox-image-1\" data-rl_title=\"\" data-rl_caption=\"\" title=\"\"><img loading=\"lazy\" decoding=\"async\" src=\"https:\/\/www.leben-atmen.com\/wp-content\/blogs.dir\/8\/files\/2016\/07\/875f7d98bd57972dfb90c2e6c8f34a23.jpg\" alt=\"\" width=\"974\" height=\"1300\" class=\"alignnone size-full wp-image-421\" srcset=\"https:\/\/www.leben-atmen.com\/wp-content\/blogs.dir\/8\/files\/2016\/07\/875f7d98bd57972dfb90c2e6c8f34a23.jpg 974w, https:\/\/www.leben-atmen.com\/wp-content\/blogs.dir\/8\/files\/2016\/07\/875f7d98bd57972dfb90c2e6c8f34a23-225x300.jpg 225w, https:\/\/www.leben-atmen.com\/wp-content\/blogs.dir\/8\/files\/2016\/07\/875f7d98bd57972dfb90c2e6c8f34a23-768x1025.jpg 768w, https:\/\/www.leben-atmen.com\/wp-content\/blogs.dir\/8\/files\/2016\/07\/875f7d98bd57972dfb90c2e6c8f34a23-767x1024.jpg 767w\" sizes=\"auto, (max-width: 974px) 100vw, 974px\" \/><\/a><a href=\"https:\/\/www.leben-atmen.com\/wp-content\/blogs.dir\/8\/files\/2016\/07\/fe97364f5fa0e7f1c2337864804775bb.jpg\" data-rel=\"lightbox-image-2\" data-rl_title=\"\" data-rl_caption=\"\" title=\"\"><img loading=\"lazy\" decoding=\"async\" src=\"https:\/\/www.leben-atmen.com\/wp-content\/blogs.dir\/8\/files\/2016\/07\/fe97364f5fa0e7f1c2337864804775bb.jpg\" alt=\"\" width=\"1300\" height=\"974\" class=\"alignnone size-full wp-image-422\" srcset=\"https:\/\/www.leben-atmen.com\/wp-content\/blogs.dir\/8\/files\/2016\/07\/fe97364f5fa0e7f1c2337864804775bb.jpg 1300w, https:\/\/www.leben-atmen.com\/wp-content\/blogs.dir\/8\/files\/2016\/07\/fe97364f5fa0e7f1c2337864804775bb-300x225.jpg 300w, https:\/\/www.leben-atmen.com\/wp-content\/blogs.dir\/8\/files\/2016\/07\/fe97364f5fa0e7f1c2337864804775bb-768x575.jpg 768w, https:\/\/www.leben-atmen.com\/wp-content\/blogs.dir\/8\/files\/2016\/07\/fe97364f5fa0e7f1c2337864804775bb-1024x767.jpg 1024w, https:\/\/www.leben-atmen.com\/wp-content\/blogs.dir\/8\/files\/2016\/07\/fe97364f5fa0e7f1c2337864804775bb-1200x899.jpg 1200w\" sizes=\"auto, (max-width: 1300px) 100vw, 1300px\" \/><\/a><\/p>\n","protected":false},"excerpt":{"rendered":"<p>wir fahren Berg auf und Berg ab und es ist sehr hei\u00df aber sch\u00f6n. Die Landschaft ist sehr nat\u00fcrlich, und das Meer liegt wie ein Spiegel vor uns.<\/p>\n","protected":false},"author":2,"featured_media":0,"comment_status":"open","ping_status":"open","sticky":false,"template":"","format":"standard","meta":{"_jetpack_memberships_contains_paid_content":false,"footnotes":""},"categories":[1],"tags":[],"class_list":["post-424","post","type-post","status-publish","format-standard","hentry","category-allgemein"],"jetpack_featured_media_url":"","jetpack_sharing_enabled":true,"_links":{"self":[{"href":"https:\/\/www.leben-atmen.com\/italien\/wp-json\/wp\/v2\/posts\/424","targetHints":{"allow":["GET"]}}],"collection":[{"href":"https:\/\/www.leben-atmen.com\/italien\/wp-json\/wp\/v2\/posts"}],"about":[{"href":"https:\/\/www.leben-atmen.com\/italien\/wp-json\/wp\/v2\/types\/post"}],"author":[{"embeddable":true,"href":"https:\/\/www.leben-atmen.com\/italien\/wp-json\/wp\/v2\/users\/2"}],"replies":[{"embeddable":true,"href":"https:\/\/www.leben-atmen.com\/italien\/wp-json\/wp\/v2\/comments?post=424"}],"version-history":[{"count":1,"href":"https:\/\/www.leben-atmen.com\/italien\/wp-json\/wp\/v2\/posts\/424\/revisions"}],"predecessor-version":[{"id":425,"href":"https:\/\/www.leben-atmen.com\/italien\/wp-json\/wp\/v2\/posts\/424\/revisions\/425"}],"wp:attachment":[{"href":"https:\/\/www.leben-atmen.com\/italien\/wp-json\/wp\/v2\/media?parent=424"}],"wp:term":[{"taxonomy":"category","embeddable":true,"href":"https:\/\/www.leben-atmen.com\/italien\/wp-json\/wp\/v2\/categories?post=424"},{"taxonomy":"post_tag","embeddable":true,"href":"https:\/\/www.leben-atmen.com\/italien\/wp-json\/wp\/v2\/tags?post=424"}],"curies":[{"name":"wp","href":"https:\/\/api.w.org\/{rel}","templated":true}]}}