{"id":393,"date":"2016-07-29T12:02:42","date_gmt":"2016-07-29T10:02:42","guid":{"rendered":"https:\/\/www.leben-atmen.com\/italien\/?p=393"},"modified":"2016-07-29T12:02:42","modified_gmt":"2016-07-29T10:02:42","slug":"huegelig-mit-schoenen-ausblicken","status":"publish","type":"post","link":"https:\/\/www.leben-atmen.com\/italien\/2016\/07\/29\/huegelig-mit-schoenen-ausblicken\/","title":{"rendered":"H\u00fcgelig mit sch\u00f6nen Ausblicken"},"content":{"rendered":"<p>Wir fahren Berg auf und Berg abw\u00e4rts und haben immer wieder sch\u00f6ne Ausblicke auf das Meer und auf das&nbsp;Innenland<\/p>\n<p><a href=\"https:\/\/www.leben-atmen.com\/wp-content\/blogs.dir\/8\/files\/2016\/07\/24caae44c142872a09915c7911414a37.jpg\" data-rel=\"lightbox-image-0\" data-rl_title=\"\" data-rl_caption=\"\" title=\"\"><img loading=\"lazy\" decoding=\"async\" src=\"https:\/\/www.leben-atmen.com\/wp-content\/blogs.dir\/8\/files\/2016\/07\/24caae44c142872a09915c7911414a37.jpg\" alt=\"\" width=\"1200\" height=\"900\" class=\"alignnone size-full wp-image-391\" srcset=\"https:\/\/www.leben-atmen.com\/wp-content\/blogs.dir\/8\/files\/2016\/07\/24caae44c142872a09915c7911414a37.jpg 1200w, https:\/\/www.leben-atmen.com\/wp-content\/blogs.dir\/8\/files\/2016\/07\/24caae44c142872a09915c7911414a37-300x225.jpg 300w, https:\/\/www.leben-atmen.com\/wp-content\/blogs.dir\/8\/files\/2016\/07\/24caae44c142872a09915c7911414a37-768x576.jpg 768w, https:\/\/www.leben-atmen.com\/wp-content\/blogs.dir\/8\/files\/2016\/07\/24caae44c142872a09915c7911414a37-1024x768.jpg 1024w\" sizes=\"auto, (max-width: 1200px) 100vw, 1200px\" \/><\/a><a href=\"https:\/\/www.leben-atmen.com\/wp-content\/blogs.dir\/8\/files\/2016\/07\/aa40f27056a856ac7d138676d0d58aca.jpg\" data-rel=\"lightbox-image-1\" data-rl_title=\"\" data-rl_caption=\"\" title=\"\"><img loading=\"lazy\" decoding=\"async\" src=\"https:\/\/www.leben-atmen.com\/wp-content\/blogs.dir\/8\/files\/2016\/07\/aa40f27056a856ac7d138676d0d58aca.jpg\" alt=\"\" width=\"1200\" height=\"900\" class=\"alignnone size-full wp-image-392\" srcset=\"https:\/\/www.leben-atmen.com\/wp-content\/blogs.dir\/8\/files\/2016\/07\/aa40f27056a856ac7d138676d0d58aca.jpg 1200w, https:\/\/www.leben-atmen.com\/wp-content\/blogs.dir\/8\/files\/2016\/07\/aa40f27056a856ac7d138676d0d58aca-300x225.jpg 300w, https:\/\/www.leben-atmen.com\/wp-content\/blogs.dir\/8\/files\/2016\/07\/aa40f27056a856ac7d138676d0d58aca-768x576.jpg 768w, https:\/\/www.leben-atmen.com\/wp-content\/blogs.dir\/8\/files\/2016\/07\/aa40f27056a856ac7d138676d0d58aca-1024x768.jpg 1024w\" sizes=\"auto, (max-width: 1200px) 100vw, 1200px\" \/><\/a>&nbsp;<\/p>\n","protected":false},"excerpt":{"rendered":"<p>Wir fahren Berg auf und Berg abw\u00e4rts und haben immer wieder sch\u00f6ne Ausblicke auf das Meer und auf das&nbsp;Innenland &nbsp;<\/p>\n","protected":false},"author":3,"featured_media":0,"comment_status":"open","ping_status":"open","sticky":false,"template":"","format":"standard","meta":{"_jetpack_memberships_contains_paid_content":false,"footnotes":""},"categories":[1],"tags":[],"class_list":["post-393","post","type-post","status-publish","format-standard","hentry","category-allgemein"],"jetpack_featured_media_url":"","jetpack_sharing_enabled":true,"_links":{"self":[{"href":"https:\/\/www.leben-atmen.com\/italien\/wp-json\/wp\/v2\/posts\/393","targetHints":{"allow":["GET"]}}],"collection":[{"href":"https:\/\/www.leben-atmen.com\/italien\/wp-json\/wp\/v2\/posts"}],"about":[{"href":"https:\/\/www.leben-atmen.com\/italien\/wp-json\/wp\/v2\/types\/post"}],"author":[{"embeddable":true,"href":"https:\/\/www.leben-atmen.com\/italien\/wp-json\/wp\/v2\/users\/3"}],"replies":[{"embeddable":true,"href":"https:\/\/www.leben-atmen.com\/italien\/wp-json\/wp\/v2\/comments?post=393"}],"version-history":[{"count":1,"href":"https:\/\/www.leben-atmen.com\/italien\/wp-json\/wp\/v2\/posts\/393\/revisions"}],"predecessor-version":[{"id":394,"href":"https:\/\/www.leben-atmen.com\/italien\/wp-json\/wp\/v2\/posts\/393\/revisions\/394"}],"wp:attachment":[{"href":"https:\/\/www.leben-atmen.com\/italien\/wp-json\/wp\/v2\/media?parent=393"}],"wp:term":[{"taxonomy":"category","embeddable":true,"href":"https:\/\/www.leben-atmen.com\/italien\/wp-json\/wp\/v2\/categories?post=393"},{"taxonomy":"post_tag","embeddable":true,"href":"https:\/\/www.leben-atmen.com\/italien\/wp-json\/wp\/v2\/tags?post=393"}],"curies":[{"name":"wp","href":"https:\/\/api.w.org\/{rel}","templated":true}]}}