{"id":304,"date":"2016-07-23T09:24:36","date_gmt":"2016-07-23T07:24:36","guid":{"rendered":"https:\/\/www.leben-atmen.com\/italien\/?p=304"},"modified":"2016-07-23T09:24:36","modified_gmt":"2016-07-23T07:24:36","slug":"truebes-wetter-in-la-spezia","status":"publish","type":"post","link":"https:\/\/www.leben-atmen.com\/italien\/2016\/07\/23\/truebes-wetter-in-la-spezia\/","title":{"rendered":"Tr\u00fcbes Wetter in La Spezia"},"content":{"rendered":"<p>Wir starten bei tr\u00fcbem aber schw\u00fclen Wetter, und fahren Richtung Pisa.<\/p>\n<p>&nbsp;Unsere Gedanken h\u00e4ngen schwer wie die Wolken \u00fcber uns bei der grausamen Tat in M\u00fcnchen, aber wir k\u00f6nnen nichts tun, nur immer weiter schwimmen schwimmen&#8230;.<\/p>\n<p><a href=\"https:\/\/www.leben-atmen.com\/wp-content\/blogs.dir\/8\/files\/2016\/07\/7caa5bfa965e200eb5ca826b71d166bc.jpg\" data-rel=\"lightbox-image-0\" data-rl_title=\"\" data-rl_caption=\"\" title=\"\"><img loading=\"lazy\" decoding=\"async\" src=\"https:\/\/www.leben-atmen.com\/wp-content\/blogs.dir\/8\/files\/2016\/07\/7caa5bfa965e200eb5ca826b71d166bc.jpg\" alt=\"\" width=\"1300\" height=\"974\" class=\"alignnone size-full wp-image-303\" srcset=\"https:\/\/www.leben-atmen.com\/wp-content\/blogs.dir\/8\/files\/2016\/07\/7caa5bfa965e200eb5ca826b71d166bc.jpg 1300w, https:\/\/www.leben-atmen.com\/wp-content\/blogs.dir\/8\/files\/2016\/07\/7caa5bfa965e200eb5ca826b71d166bc-300x225.jpg 300w, https:\/\/www.leben-atmen.com\/wp-content\/blogs.dir\/8\/files\/2016\/07\/7caa5bfa965e200eb5ca826b71d166bc-768x575.jpg 768w, https:\/\/www.leben-atmen.com\/wp-content\/blogs.dir\/8\/files\/2016\/07\/7caa5bfa965e200eb5ca826b71d166bc-1024x767.jpg 1024w, https:\/\/www.leben-atmen.com\/wp-content\/blogs.dir\/8\/files\/2016\/07\/7caa5bfa965e200eb5ca826b71d166bc-1200x899.jpg 1200w\" sizes=\"auto, (max-width: 1300px) 100vw, 1300px\" \/><\/a><\/p>\n","protected":false},"excerpt":{"rendered":"<p>Wir starten bei tr\u00fcbem aber schw\u00fclen Wetter, und fahren Richtung Pisa. &nbsp;Unsere Gedanken h\u00e4ngen schwer wie die Wolken \u00fcber uns bei der grausamen Tat in M\u00fcnchen, aber wir k\u00f6nnen nichts tun, nur immer weiter schwimmen schwimmen&#8230;.<\/p>\n","protected":false},"author":2,"featured_media":0,"comment_status":"open","ping_status":"open","sticky":false,"template":"","format":"standard","meta":{"_jetpack_memberships_contains_paid_content":false,"footnotes":""},"categories":[1],"tags":[],"class_list":["post-304","post","type-post","status-publish","format-standard","hentry","category-allgemein"],"jetpack_featured_media_url":"","jetpack_sharing_enabled":true,"_links":{"self":[{"href":"https:\/\/www.leben-atmen.com\/italien\/wp-json\/wp\/v2\/posts\/304","targetHints":{"allow":["GET"]}}],"collection":[{"href":"https:\/\/www.leben-atmen.com\/italien\/wp-json\/wp\/v2\/posts"}],"about":[{"href":"https:\/\/www.leben-atmen.com\/italien\/wp-json\/wp\/v2\/types\/post"}],"author":[{"embeddable":true,"href":"https:\/\/www.leben-atmen.com\/italien\/wp-json\/wp\/v2\/users\/2"}],"replies":[{"embeddable":true,"href":"https:\/\/www.leben-atmen.com\/italien\/wp-json\/wp\/v2\/comments?post=304"}],"version-history":[{"count":1,"href":"https:\/\/www.leben-atmen.com\/italien\/wp-json\/wp\/v2\/posts\/304\/revisions"}],"predecessor-version":[{"id":305,"href":"https:\/\/www.leben-atmen.com\/italien\/wp-json\/wp\/v2\/posts\/304\/revisions\/305"}],"wp:attachment":[{"href":"https:\/\/www.leben-atmen.com\/italien\/wp-json\/wp\/v2\/media?parent=304"}],"wp:term":[{"taxonomy":"category","embeddable":true,"href":"https:\/\/www.leben-atmen.com\/italien\/wp-json\/wp\/v2\/categories?post=304"},{"taxonomy":"post_tag","embeddable":true,"href":"https:\/\/www.leben-atmen.com\/italien\/wp-json\/wp\/v2\/tags?post=304"}],"curies":[{"name":"wp","href":"https:\/\/api.w.org\/{rel}","templated":true}]}}