{"id":255,"date":"2016-07-21T13:51:07","date_gmt":"2016-07-21T11:51:07","guid":{"rendered":"https:\/\/www.leben-atmen.com\/italien\/?p=255"},"modified":"2016-07-21T13:51:07","modified_gmt":"2016-07-21T11:51:07","slug":"frogger","status":"publish","type":"post","link":"https:\/\/www.leben-atmen.com\/italien\/2016\/07\/21\/frogger\/","title":{"rendered":"Frogger"},"content":{"rendered":"<p>Jetzt verliere ich einmal ein paar Worte \u00fcber mein neues gr\u00fcnes Fahrrad von B\u00f6ttcher. Es isteinige Nummern gr\u00f6\u00dfer (54 cm) als mein altes rot-wei\u00dfes Fahrrad von CONTOURA. Die Gangschaltung Pinion ist moderner, und hat einen Tick kleineren Gang als der Vorg\u00e4nger Rohlloff. auch die Scheibenbremsen sind sauber, und geben keinen Bremsstaub ab. Die Gangschaltung ist sehr leise, \u00fcberhaupt ist auch der Riemen Carbon Gates im Gegensatz zur Fahrradkette extrem leise und sauber (komplett ohne \u00d6l oder Fett). Der vordere Zahnkranz wird vom Riemen \u00fcberspannt, und beim \u00fcberst\u00fcrzten Anhalten rammt man sich weder die Kette noch den Zahnkranz in den Unterschenkel. Aber der gr\u00f6\u00dfte Benefit f\u00fcr mich ist die gr\u00f6\u00dfere Gr\u00f6\u00dfe. Ich f\u00fchle mich viel besser am Abend, nicht mehr so zerschlagen. Auch die H\u00fcfte und der Oberk\u00f6rper ist nicht so verspannt wie das beim Alten Velo der Fall war. Das h\u00e4tte ich nie gedacht, dass es diesen Unterschied geben wird.<\/p>\n<p>Wenn es etwas auszusetzen g\u00e4be, dann w\u00e4re es die Farbgebung, und dass Design der Rohre. Das hat mir beim alten besser gefallen, weil sich zum Beispiel das diagonale Rohr verj\u00fcngte.<\/p>\n<p>So trauere ich meinem alten Fahrrad \u00fcberhaupt nicht hinterher, obwohl es mich auf vielen Reisen begleitet hat. Mein neuer gr\u00fcner Frogger ist der Hit!<br \/>\n<a href=\"https:\/\/www.leben-atmen.com\/wp-content\/blogs.dir\/8\/files\/2016\/07\/afb735a968b183df2edcb822efd4c24a.jpg\" data-rel=\"lightbox-image-0\" data-rl_title=\"\" data-rl_caption=\"\" title=\"\"><img loading=\"lazy\" decoding=\"async\" src=\"https:\/\/www.leben-atmen.com\/wp-content\/blogs.dir\/8\/files\/2016\/07\/afb735a968b183df2edcb822efd4c24a.jpg\" alt=\"\" width=\"1300\" height=\"974\" class=\"alignnone size-full wp-image-254\" srcset=\"https:\/\/www.leben-atmen.com\/wp-content\/blogs.dir\/8\/files\/2016\/07\/afb735a968b183df2edcb822efd4c24a.jpg 1300w, https:\/\/www.leben-atmen.com\/wp-content\/blogs.dir\/8\/files\/2016\/07\/afb735a968b183df2edcb822efd4c24a-300x225.jpg 300w, https:\/\/www.leben-atmen.com\/wp-content\/blogs.dir\/8\/files\/2016\/07\/afb735a968b183df2edcb822efd4c24a-768x575.jpg 768w, https:\/\/www.leben-atmen.com\/wp-content\/blogs.dir\/8\/files\/2016\/07\/afb735a968b183df2edcb822efd4c24a-1024x767.jpg 1024w, https:\/\/www.leben-atmen.com\/wp-content\/blogs.dir\/8\/files\/2016\/07\/afb735a968b183df2edcb822efd4c24a-1200x899.jpg 1200w\" sizes=\"auto, (max-width: 1300px) 100vw, 1300px\" \/><\/a><\/p>\n","protected":false},"excerpt":{"rendered":"<p>Jetzt verliere ich einmal ein paar Worte \u00fcber mein neues gr\u00fcnes Fahrrad von B\u00f6ttcher. Es isteinige Nummern gr\u00f6\u00dfer (54 cm) als mein altes rot-wei\u00dfes Fahrrad von CONTOURA. Die Gangschaltung Pinion ist moderner, und hat einen Tick kleineren Gang als der &hellip; <a href=\"https:\/\/www.leben-atmen.com\/italien\/2016\/07\/21\/frogger\/\">Weiterlesen <span class=\"meta-nav\">&rarr;<\/span><\/a><\/p>\n","protected":false},"author":2,"featured_media":0,"comment_status":"open","ping_status":"open","sticky":false,"template":"","format":"standard","meta":{"_jetpack_memberships_contains_paid_content":false,"footnotes":""},"categories":[1],"tags":[],"class_list":["post-255","post","type-post","status-publish","format-standard","hentry","category-allgemein"],"jetpack_featured_media_url":"","jetpack_sharing_enabled":true,"_links":{"self":[{"href":"https:\/\/www.leben-atmen.com\/italien\/wp-json\/wp\/v2\/posts\/255","targetHints":{"allow":["GET"]}}],"collection":[{"href":"https:\/\/www.leben-atmen.com\/italien\/wp-json\/wp\/v2\/posts"}],"about":[{"href":"https:\/\/www.leben-atmen.com\/italien\/wp-json\/wp\/v2\/types\/post"}],"author":[{"embeddable":true,"href":"https:\/\/www.leben-atmen.com\/italien\/wp-json\/wp\/v2\/users\/2"}],"replies":[{"embeddable":true,"href":"https:\/\/www.leben-atmen.com\/italien\/wp-json\/wp\/v2\/comments?post=255"}],"version-history":[{"count":1,"href":"https:\/\/www.leben-atmen.com\/italien\/wp-json\/wp\/v2\/posts\/255\/revisions"}],"predecessor-version":[{"id":256,"href":"https:\/\/www.leben-atmen.com\/italien\/wp-json\/wp\/v2\/posts\/255\/revisions\/256"}],"wp:attachment":[{"href":"https:\/\/www.leben-atmen.com\/italien\/wp-json\/wp\/v2\/media?parent=255"}],"wp:term":[{"taxonomy":"category","embeddable":true,"href":"https:\/\/www.leben-atmen.com\/italien\/wp-json\/wp\/v2\/categories?post=255"},{"taxonomy":"post_tag","embeddable":true,"href":"https:\/\/www.leben-atmen.com\/italien\/wp-json\/wp\/v2\/tags?post=255"}],"curies":[{"name":"wp","href":"https:\/\/api.w.org\/{rel}","templated":true}]}}