{"id":194,"date":"2016-07-17T16:24:54","date_gmt":"2016-07-17T14:24:54","guid":{"rendered":"https:\/\/www.leben-atmen.com\/italien\/?p=194"},"modified":"2016-07-17T16:24:54","modified_gmt":"2016-07-17T14:24:54","slug":"maerchenhaftes-lecco","status":"publish","type":"post","link":"https:\/\/www.leben-atmen.com\/italien\/2016\/07\/17\/maerchenhaftes-lecco\/","title":{"rendered":"M\u00e4rchenhaftes Lecco"},"content":{"rendered":"<p>Nach dem Desaster gestern vers\u00f6hnen wir uns in Lecco. Ein halber Pausentag f\u00fcr die m\u00fcden Seelen.<\/p>\n<p><a href=\"https:\/\/www.leben-atmen.com\/wp-content\/blogs.dir\/8\/files\/2016\/07\/8d33ed1fec5746bcb49266bf9896f43b.jpg\" data-rel=\"lightbox-image-0\" data-rl_title=\"\" data-rl_caption=\"\" title=\"\"><img loading=\"lazy\" decoding=\"async\" src=\"https:\/\/www.leben-atmen.com\/wp-content\/blogs.dir\/8\/files\/2016\/07\/8d33ed1fec5746bcb49266bf9896f43b.jpg\" alt=\"\" width=\"1200\" height=\"900\" class=\"alignnone size-full wp-image-193\" srcset=\"https:\/\/www.leben-atmen.com\/wp-content\/blogs.dir\/8\/files\/2016\/07\/8d33ed1fec5746bcb49266bf9896f43b.jpg 1200w, https:\/\/www.leben-atmen.com\/wp-content\/blogs.dir\/8\/files\/2016\/07\/8d33ed1fec5746bcb49266bf9896f43b-300x225.jpg 300w, https:\/\/www.leben-atmen.com\/wp-content\/blogs.dir\/8\/files\/2016\/07\/8d33ed1fec5746bcb49266bf9896f43b-768x576.jpg 768w, https:\/\/www.leben-atmen.com\/wp-content\/blogs.dir\/8\/files\/2016\/07\/8d33ed1fec5746bcb49266bf9896f43b-1024x768.jpg 1024w\" sizes=\"auto, (max-width: 1200px) 100vw, 1200px\" \/><\/a><\/p>\n","protected":false},"excerpt":{"rendered":"<p>Nach dem Desaster gestern vers\u00f6hnen wir uns in Lecco. Ein halber Pausentag f\u00fcr die m\u00fcden Seelen.<\/p>\n","protected":false},"author":3,"featured_media":0,"comment_status":"open","ping_status":"open","sticky":false,"template":"","format":"standard","meta":{"_jetpack_memberships_contains_paid_content":false,"footnotes":""},"categories":[1],"tags":[],"class_list":["post-194","post","type-post","status-publish","format-standard","hentry","category-allgemein"],"jetpack_featured_media_url":"","jetpack_sharing_enabled":true,"_links":{"self":[{"href":"https:\/\/www.leben-atmen.com\/italien\/wp-json\/wp\/v2\/posts\/194","targetHints":{"allow":["GET"]}}],"collection":[{"href":"https:\/\/www.leben-atmen.com\/italien\/wp-json\/wp\/v2\/posts"}],"about":[{"href":"https:\/\/www.leben-atmen.com\/italien\/wp-json\/wp\/v2\/types\/post"}],"author":[{"embeddable":true,"href":"https:\/\/www.leben-atmen.com\/italien\/wp-json\/wp\/v2\/users\/3"}],"replies":[{"embeddable":true,"href":"https:\/\/www.leben-atmen.com\/italien\/wp-json\/wp\/v2\/comments?post=194"}],"version-history":[{"count":1,"href":"https:\/\/www.leben-atmen.com\/italien\/wp-json\/wp\/v2\/posts\/194\/revisions"}],"predecessor-version":[{"id":195,"href":"https:\/\/www.leben-atmen.com\/italien\/wp-json\/wp\/v2\/posts\/194\/revisions\/195"}],"wp:attachment":[{"href":"https:\/\/www.leben-atmen.com\/italien\/wp-json\/wp\/v2\/media?parent=194"}],"wp:term":[{"taxonomy":"category","embeddable":true,"href":"https:\/\/www.leben-atmen.com\/italien\/wp-json\/wp\/v2\/categories?post=194"},{"taxonomy":"post_tag","embeddable":true,"href":"https:\/\/www.leben-atmen.com\/italien\/wp-json\/wp\/v2\/tags?post=194"}],"curies":[{"name":"wp","href":"https:\/\/api.w.org\/{rel}","templated":true}]}}