{"id":152,"date":"2016-07-16T10:20:58","date_gmt":"2016-07-16T08:20:58","guid":{"rendered":"https:\/\/www.leben-atmen.com\/italien\/?p=152"},"modified":"2016-07-16T10:20:58","modified_gmt":"2016-07-16T08:20:58","slug":"schweizer-traumlandschaft","status":"publish","type":"post","link":"https:\/\/www.leben-atmen.com\/italien\/2016\/07\/16\/schweizer-traumlandschaft\/","title":{"rendered":"Schweizer Traumlandschaft"},"content":{"rendered":"<p>genussvolle Berge, k\u00fchle Luft, und wilde Wasser sowie unber\u00fchrten<br \/>\nWald kann man hier bestaunen. W\u00e4hrend sich die Ereignisse in der&nbsp;Welt drau\u00dfen \u00dcberschlagen, bleibt uns nichts anderes, als einfach weiter zu radeln.&nbsp;wir verstehen nicht, wie gierig und krank das alles ist. wir k\u00f6nnen ja eh nichts tun. die Menschen sind gar seltsam&#8230;<\/p>\n<p><a href=\"https:\/\/www.leben-atmen.com\/wp-content\/blogs.dir\/8\/files\/2016\/07\/154563937fd2e6fcc45b1559d6c2e1b9.jpg\" data-rel=\"lightbox-image-0\" data-rl_title=\"\" data-rl_caption=\"\" title=\"\"><img loading=\"lazy\" decoding=\"async\" src=\"https:\/\/www.leben-atmen.com\/wp-content\/blogs.dir\/8\/files\/2016\/07\/154563937fd2e6fcc45b1559d6c2e1b9.jpg\" alt=\"\" width=\"974\" height=\"1300\" class=\"alignnone size-full wp-image-151\" srcset=\"https:\/\/www.leben-atmen.com\/wp-content\/blogs.dir\/8\/files\/2016\/07\/154563937fd2e6fcc45b1559d6c2e1b9.jpg 974w, https:\/\/www.leben-atmen.com\/wp-content\/blogs.dir\/8\/files\/2016\/07\/154563937fd2e6fcc45b1559d6c2e1b9-225x300.jpg 225w, https:\/\/www.leben-atmen.com\/wp-content\/blogs.dir\/8\/files\/2016\/07\/154563937fd2e6fcc45b1559d6c2e1b9-768x1025.jpg 768w, https:\/\/www.leben-atmen.com\/wp-content\/blogs.dir\/8\/files\/2016\/07\/154563937fd2e6fcc45b1559d6c2e1b9-767x1024.jpg 767w\" sizes=\"auto, (max-width: 974px) 100vw, 974px\" \/><\/a><a href=\"https:\/\/www.leben-atmen.com\/wp-content\/blogs.dir\/8\/files\/2016\/07\/db70a81682cc1df7a785b955b05bd644.jpg\" data-rel=\"lightbox-image-1\" data-rl_title=\"\" data-rl_caption=\"\" title=\"\"><img loading=\"lazy\" decoding=\"async\" src=\"https:\/\/www.leben-atmen.com\/wp-content\/blogs.dir\/8\/files\/2016\/07\/db70a81682cc1df7a785b955b05bd644.jpg\" alt=\"\" width=\"974\" height=\"1300\" class=\"alignnone size-full wp-image-150\" srcset=\"https:\/\/www.leben-atmen.com\/wp-content\/blogs.dir\/8\/files\/2016\/07\/db70a81682cc1df7a785b955b05bd644.jpg 974w, https:\/\/www.leben-atmen.com\/wp-content\/blogs.dir\/8\/files\/2016\/07\/db70a81682cc1df7a785b955b05bd644-225x300.jpg 225w, https:\/\/www.leben-atmen.com\/wp-content\/blogs.dir\/8\/files\/2016\/07\/db70a81682cc1df7a785b955b05bd644-768x1025.jpg 768w, https:\/\/www.leben-atmen.com\/wp-content\/blogs.dir\/8\/files\/2016\/07\/db70a81682cc1df7a785b955b05bd644-767x1024.jpg 767w\" sizes=\"auto, (max-width: 974px) 100vw, 974px\" \/><\/a><\/p>\n","protected":false},"excerpt":{"rendered":"<p>genussvolle Berge, k\u00fchle Luft, und wilde Wasser sowie unber\u00fchrten Wald kann man hier bestaunen. W\u00e4hrend sich die Ereignisse in der&nbsp;Welt drau\u00dfen \u00dcberschlagen, bleibt uns nichts anderes, als einfach weiter zu radeln.&nbsp;wir verstehen nicht, wie gierig und krank das alles ist. &hellip; <a href=\"https:\/\/www.leben-atmen.com\/italien\/2016\/07\/16\/schweizer-traumlandschaft\/\">Weiterlesen <span class=\"meta-nav\">&rarr;<\/span><\/a><\/p>\n","protected":false},"author":2,"featured_media":0,"comment_status":"open","ping_status":"open","sticky":false,"template":"","format":"standard","meta":{"_jetpack_memberships_contains_paid_content":false,"footnotes":""},"categories":[1],"tags":[],"class_list":["post-152","post","type-post","status-publish","format-standard","hentry","category-allgemein"],"jetpack_featured_media_url":"","jetpack_sharing_enabled":true,"_links":{"self":[{"href":"https:\/\/www.leben-atmen.com\/italien\/wp-json\/wp\/v2\/posts\/152","targetHints":{"allow":["GET"]}}],"collection":[{"href":"https:\/\/www.leben-atmen.com\/italien\/wp-json\/wp\/v2\/posts"}],"about":[{"href":"https:\/\/www.leben-atmen.com\/italien\/wp-json\/wp\/v2\/types\/post"}],"author":[{"embeddable":true,"href":"https:\/\/www.leben-atmen.com\/italien\/wp-json\/wp\/v2\/users\/2"}],"replies":[{"embeddable":true,"href":"https:\/\/www.leben-atmen.com\/italien\/wp-json\/wp\/v2\/comments?post=152"}],"version-history":[{"count":1,"href":"https:\/\/www.leben-atmen.com\/italien\/wp-json\/wp\/v2\/posts\/152\/revisions"}],"predecessor-version":[{"id":153,"href":"https:\/\/www.leben-atmen.com\/italien\/wp-json\/wp\/v2\/posts\/152\/revisions\/153"}],"wp:attachment":[{"href":"https:\/\/www.leben-atmen.com\/italien\/wp-json\/wp\/v2\/media?parent=152"}],"wp:term":[{"taxonomy":"category","embeddable":true,"href":"https:\/\/www.leben-atmen.com\/italien\/wp-json\/wp\/v2\/categories?post=152"},{"taxonomy":"post_tag","embeddable":true,"href":"https:\/\/www.leben-atmen.com\/italien\/wp-json\/wp\/v2\/tags?post=152"}],"curies":[{"name":"wp","href":"https:\/\/api.w.org\/{rel}","templated":true}]}}