{"id":112,"date":"2016-07-14T12:28:26","date_gmt":"2016-07-14T10:28:26","guid":{"rendered":"https:\/\/www.leben-atmen.com\/italien\/?p=112"},"modified":"2016-08-21T08:29:40","modified_gmt":"2016-08-21T06:29:40","slug":"informationen-zu-via-claudia-augusta","status":"publish","type":"post","link":"https:\/\/www.leben-atmen.com\/italien\/2016\/07\/14\/informationen-zu-via-claudia-augusta\/","title":{"rendered":"Informationen zu via Claudia Augusta"},"content":{"rendered":"<p>\u00dcber all am Wegesrand stehen Informationsschilder \u00fcber den alten R\u00f6merweg. Auch alte Karrenspuren sind zu bewundern. Wir treffen viele Familien, die mit ihren Kindern Radwandern. Kein Wunder, geht es doch relativ flach dahin.<a href=\"https:\/\/www.leben-atmen.com\/wp-content\/blogs.dir\/8\/files\/2016\/07\/3d60430e4aa008ba65f2e3a9a073d401.jpg\" data-rel=\"lightbox-image-0\" data-rl_title=\"\" data-rl_caption=\"\" title=\"\"><img loading=\"lazy\" decoding=\"async\" class=\"alignnone size-full wp-image-111\" src=\"https:\/\/www.leben-atmen.com\/wp-content\/blogs.dir\/8\/files\/2016\/07\/3d60430e4aa008ba65f2e3a9a073d401.jpg\" alt=\"\" width=\"1300\" height=\"974\" srcset=\"https:\/\/www.leben-atmen.com\/wp-content\/blogs.dir\/8\/files\/2016\/07\/3d60430e4aa008ba65f2e3a9a073d401.jpg 1300w, https:\/\/www.leben-atmen.com\/wp-content\/blogs.dir\/8\/files\/2016\/07\/3d60430e4aa008ba65f2e3a9a073d401-300x225.jpg 300w, https:\/\/www.leben-atmen.com\/wp-content\/blogs.dir\/8\/files\/2016\/07\/3d60430e4aa008ba65f2e3a9a073d401-768x575.jpg 768w, https:\/\/www.leben-atmen.com\/wp-content\/blogs.dir\/8\/files\/2016\/07\/3d60430e4aa008ba65f2e3a9a073d401-1024x767.jpg 1024w, https:\/\/www.leben-atmen.com\/wp-content\/blogs.dir\/8\/files\/2016\/07\/3d60430e4aa008ba65f2e3a9a073d401-1200x899.jpg 1200w\" sizes=\"auto, (max-width: 1300px) 100vw, 1300px\" \/><\/a><\/p>\n","protected":false},"excerpt":{"rendered":"<p>\u00dcber all am Wegesrand stehen Informationsschilder \u00fcber den alten R\u00f6merweg. Auch alte Karrenspuren sind zu bewundern. Wir treffen viele Familien, die mit ihren Kindern Radwandern. Kein Wunder, geht es doch relativ flach dahin.<\/p>\n","protected":false},"author":2,"featured_media":0,"comment_status":"open","ping_status":"open","sticky":false,"template":"","format":"standard","meta":{"_jetpack_memberships_contains_paid_content":false,"footnotes":""},"categories":[1],"tags":[],"class_list":["post-112","post","type-post","status-publish","format-standard","hentry","category-allgemein"],"jetpack_featured_media_url":"","jetpack_sharing_enabled":true,"_links":{"self":[{"href":"https:\/\/www.leben-atmen.com\/italien\/wp-json\/wp\/v2\/posts\/112","targetHints":{"allow":["GET"]}}],"collection":[{"href":"https:\/\/www.leben-atmen.com\/italien\/wp-json\/wp\/v2\/posts"}],"about":[{"href":"https:\/\/www.leben-atmen.com\/italien\/wp-json\/wp\/v2\/types\/post"}],"author":[{"embeddable":true,"href":"https:\/\/www.leben-atmen.com\/italien\/wp-json\/wp\/v2\/users\/2"}],"replies":[{"embeddable":true,"href":"https:\/\/www.leben-atmen.com\/italien\/wp-json\/wp\/v2\/comments?post=112"}],"version-history":[{"count":3,"href":"https:\/\/www.leben-atmen.com\/italien\/wp-json\/wp\/v2\/posts\/112\/revisions"}],"predecessor-version":[{"id":113,"href":"https:\/\/www.leben-atmen.com\/italien\/wp-json\/wp\/v2\/posts\/112\/revisions\/113"}],"wp:attachment":[{"href":"https:\/\/www.leben-atmen.com\/italien\/wp-json\/wp\/v2\/media?parent=112"}],"wp:term":[{"taxonomy":"category","embeddable":true,"href":"https:\/\/www.leben-atmen.com\/italien\/wp-json\/wp\/v2\/categories?post=112"},{"taxonomy":"post_tag","embeddable":true,"href":"https:\/\/www.leben-atmen.com\/italien\/wp-json\/wp\/v2\/tags?post=112"}],"curies":[{"name":"wp","href":"https:\/\/api.w.org\/{rel}","templated":true}]}}