{"id":959,"date":"2018-07-19T14:41:02","date_gmt":"2018-07-19T12:41:02","guid":{"rendered":"https:\/\/www.leben-atmen.com\/europatour\/?p=959"},"modified":"2018-07-19T14:41:07","modified_gmt":"2018-07-19T12:41:07","slug":"zugfahrten-mit-schrecken","status":"publish","type":"post","link":"https:\/\/www.leben-atmen.com\/europatour\/2018\/07\/19\/zugfahrten-mit-schrecken\/","title":{"rendered":"Zugfahrten mit Schrecken"},"content":{"rendered":"<p>Wir bewegen uns ja manchmal mit dem Zug ein St\u00fcckchen weiter, manchmal um aus Autovollen St\u00e4dten herauszukommen und manchmal, um Zeit zu sparen, damit wir sch\u00f6nere Dinge ansehen k\u00f6nnen, als die Strecke bietet.<\/p>\n<p>Das Fahren mit dem Zug und den Fahrr\u00e4dern wird jedes Mal zum Challenge. Das ist in Italien viel anstrengender, und nerviger, als wenn man 1000 H\u00f6henmeter hinaufradeln muss. Die Leute sind ungeduldig, dr\u00e4ngeln vorbei. Der Schaffner schimpft und poltert, weil die R\u00e4der nicht richtig angebracht sind, im falschen Abteil stehen oder den Weg versperren, oder nicht schnell genug am vorgesehenen Platz sind oder oder oder. Einen Grund gibt es immer! Wir zahlen doch extra daf\u00fcr, behandelt wird man wie in der Holzklasse.<\/p>\n<p>Wir brechen jedes Mal in Schwei\u00df aus und manchmal \u00e4rgern wir uns auch. Darum ist es in Italien nie angenehm, den Zug zu w\u00e4hlen, nur dann wenns nicht anders geht. So freuen wir uns auf morgen und die n\u00e4chsten Tagesetappen.<\/p>\n<p><img loading=\"lazy\" decoding=\"async\" src=\"https:\/\/www.leben-atmen.com\/wp-content\/blogs.dir\/11\/files\/2018\/07\/4b70011b84d54dca5ee79b6784f0fccb.jpg\" class=\"size-full wp-image-958\" height=\"1800\" width=\"1350\" srcset=\"https:\/\/www.leben-atmen.com\/wp-content\/blogs.dir\/11\/files\/2018\/07\/4b70011b84d54dca5ee79b6784f0fccb.jpg 1350w, https:\/\/www.leben-atmen.com\/wp-content\/blogs.dir\/11\/files\/2018\/07\/4b70011b84d54dca5ee79b6784f0fccb-225x300.jpg 225w, https:\/\/www.leben-atmen.com\/wp-content\/blogs.dir\/11\/files\/2018\/07\/4b70011b84d54dca5ee79b6784f0fccb-768x1024.jpg 768w\" sizes=\"auto, (max-width: 1350px) 100vw, 1350px\" \/><\/p>\n","protected":false},"excerpt":{"rendered":"<p>Wir bewegen uns ja manchmal mit dem Zug ein St\u00fcckchen weiter, manchmal um aus Autovollen St\u00e4dten herauszukommen und manchmal, um Zeit zu sparen, damit wir sch\u00f6nere Dinge ansehen k\u00f6nnen, als die Strecke bietet. Das Fahren mit dem Zug und den &hellip; <a href=\"https:\/\/www.leben-atmen.com\/europatour\/2018\/07\/19\/zugfahrten-mit-schrecken\/\">Weiterlesen <span class=\"meta-nav\">&rarr;<\/span><\/a><\/p>\n","protected":false},"author":2,"featured_media":0,"comment_status":"open","ping_status":"open","sticky":false,"template":"","format":"standard","meta":{"_jetpack_memberships_contains_paid_content":false,"footnotes":""},"categories":[1],"tags":[],"class_list":["post-959","post","type-post","status-publish","format-standard","hentry","category-allgemein"],"jetpack_featured_media_url":"","jetpack_sharing_enabled":true,"_links":{"self":[{"href":"https:\/\/www.leben-atmen.com\/europatour\/wp-json\/wp\/v2\/posts\/959","targetHints":{"allow":["GET"]}}],"collection":[{"href":"https:\/\/www.leben-atmen.com\/europatour\/wp-json\/wp\/v2\/posts"}],"about":[{"href":"https:\/\/www.leben-atmen.com\/europatour\/wp-json\/wp\/v2\/types\/post"}],"author":[{"embeddable":true,"href":"https:\/\/www.leben-atmen.com\/europatour\/wp-json\/wp\/v2\/users\/2"}],"replies":[{"embeddable":true,"href":"https:\/\/www.leben-atmen.com\/europatour\/wp-json\/wp\/v2\/comments?post=959"}],"version-history":[{"count":1,"href":"https:\/\/www.leben-atmen.com\/europatour\/wp-json\/wp\/v2\/posts\/959\/revisions"}],"predecessor-version":[{"id":960,"href":"https:\/\/www.leben-atmen.com\/europatour\/wp-json\/wp\/v2\/posts\/959\/revisions\/960"}],"wp:attachment":[{"href":"https:\/\/www.leben-atmen.com\/europatour\/wp-json\/wp\/v2\/media?parent=959"}],"wp:term":[{"taxonomy":"category","embeddable":true,"href":"https:\/\/www.leben-atmen.com\/europatour\/wp-json\/wp\/v2\/categories?post=959"},{"taxonomy":"post_tag","embeddable":true,"href":"https:\/\/www.leben-atmen.com\/europatour\/wp-json\/wp\/v2\/tags?post=959"}],"curies":[{"name":"wp","href":"https:\/\/api.w.org\/{rel}","templated":true}]}}