{"id":944,"date":"2018-07-18T21:59:33","date_gmt":"2018-07-18T19:59:33","guid":{"rendered":"https:\/\/www.leben-atmen.com\/europatour\/?p=944"},"modified":"2018-07-18T21:59:35","modified_gmt":"2018-07-18T19:59:35","slug":"die-faehre-hat-verspaetung","status":"publish","type":"post","link":"https:\/\/www.leben-atmen.com\/europatour\/2018\/07\/18\/die-faehre-hat-verspaetung\/","title":{"rendered":"Die F\u00e4hre hat Versp\u00e4tung"},"content":{"rendered":"<p>Wir sind seit ungef\u00e4hr 19:00 Uhr in Hafenn\u00e4he. Wir wollten eigentlich schon fr\u00fcher auf die F\u00e4hre, aber sie war noch nicht eingelaufen. Am Schalter erz\u00e4hlte man uns aber etwas anderes.<\/p>\n<p>Und jetzt haben sie uns am Hafen hin und hergeschickt, aber das Schiff ist einfach nicht da! Alle Leute warten. Es m\u00fcsste eigentlich um 22:00 Uhr versp\u00e4tet eintreffen, aber es ist von einem Schiff weit und breit keine Spur auf dem Meer zu entdecken.<\/p>\n<p><img loading=\"lazy\" decoding=\"async\" src=\"https:\/\/www.leben-atmen.com\/wp-content\/blogs.dir\/11\/files\/2018\/07\/c8e48d8a3a4a146bd25513fbd882e87a.jpg\" class=\"size-full wp-image-943\" height=\"1800\" width=\"1350\" srcset=\"https:\/\/www.leben-atmen.com\/wp-content\/blogs.dir\/11\/files\/2018\/07\/c8e48d8a3a4a146bd25513fbd882e87a.jpg 1350w, https:\/\/www.leben-atmen.com\/wp-content\/blogs.dir\/11\/files\/2018\/07\/c8e48d8a3a4a146bd25513fbd882e87a-225x300.jpg 225w, https:\/\/www.leben-atmen.com\/wp-content\/blogs.dir\/11\/files\/2018\/07\/c8e48d8a3a4a146bd25513fbd882e87a-768x1024.jpg 768w\" sizes=\"auto, (max-width: 1350px) 100vw, 1350px\" \/><img loading=\"lazy\" decoding=\"async\" src=\"https:\/\/www.leben-atmen.com\/wp-content\/blogs.dir\/11\/files\/2018\/07\/bb376de166a7642a5f4242862b7823b3.jpg\" class=\"wp-image-942 size-full\" height=\"1350\" width=\"1800\" srcset=\"https:\/\/www.leben-atmen.com\/wp-content\/blogs.dir\/11\/files\/2018\/07\/bb376de166a7642a5f4242862b7823b3.jpg 1800w, https:\/\/www.leben-atmen.com\/wp-content\/blogs.dir\/11\/files\/2018\/07\/bb376de166a7642a5f4242862b7823b3-300x225.jpg 300w, https:\/\/www.leben-atmen.com\/wp-content\/blogs.dir\/11\/files\/2018\/07\/bb376de166a7642a5f4242862b7823b3-768x576.jpg 768w, https:\/\/www.leben-atmen.com\/wp-content\/blogs.dir\/11\/files\/2018\/07\/bb376de166a7642a5f4242862b7823b3-1024x768.jpg 1024w, https:\/\/www.leben-atmen.com\/wp-content\/blogs.dir\/11\/files\/2018\/07\/bb376de166a7642a5f4242862b7823b3-400x300.jpg 400w\" sizes=\"auto, (max-width: 1800px) 100vw, 1800px\" \/><\/p>\n","protected":false},"excerpt":{"rendered":"<p>Wir sind seit ungef\u00e4hr 19:00 Uhr in Hafenn\u00e4he. Wir wollten eigentlich schon fr\u00fcher auf die F\u00e4hre, aber sie war noch nicht eingelaufen. Am Schalter erz\u00e4hlte man uns aber etwas anderes. Und jetzt haben sie uns am Hafen hin und hergeschickt, &hellip; <a href=\"https:\/\/www.leben-atmen.com\/europatour\/2018\/07\/18\/die-faehre-hat-verspaetung\/\">Weiterlesen <span class=\"meta-nav\">&rarr;<\/span><\/a><\/p>\n","protected":false},"author":2,"featured_media":0,"comment_status":"open","ping_status":"open","sticky":false,"template":"","format":"standard","meta":{"_jetpack_memberships_contains_paid_content":false,"footnotes":""},"categories":[1],"tags":[],"class_list":["post-944","post","type-post","status-publish","format-standard","hentry","category-allgemein"],"jetpack_featured_media_url":"","jetpack_sharing_enabled":true,"_links":{"self":[{"href":"https:\/\/www.leben-atmen.com\/europatour\/wp-json\/wp\/v2\/posts\/944","targetHints":{"allow":["GET"]}}],"collection":[{"href":"https:\/\/www.leben-atmen.com\/europatour\/wp-json\/wp\/v2\/posts"}],"about":[{"href":"https:\/\/www.leben-atmen.com\/europatour\/wp-json\/wp\/v2\/types\/post"}],"author":[{"embeddable":true,"href":"https:\/\/www.leben-atmen.com\/europatour\/wp-json\/wp\/v2\/users\/2"}],"replies":[{"embeddable":true,"href":"https:\/\/www.leben-atmen.com\/europatour\/wp-json\/wp\/v2\/comments?post=944"}],"version-history":[{"count":1,"href":"https:\/\/www.leben-atmen.com\/europatour\/wp-json\/wp\/v2\/posts\/944\/revisions"}],"predecessor-version":[{"id":945,"href":"https:\/\/www.leben-atmen.com\/europatour\/wp-json\/wp\/v2\/posts\/944\/revisions\/945"}],"wp:attachment":[{"href":"https:\/\/www.leben-atmen.com\/europatour\/wp-json\/wp\/v2\/media?parent=944"}],"wp:term":[{"taxonomy":"category","embeddable":true,"href":"https:\/\/www.leben-atmen.com\/europatour\/wp-json\/wp\/v2\/categories?post=944"},{"taxonomy":"post_tag","embeddable":true,"href":"https:\/\/www.leben-atmen.com\/europatour\/wp-json\/wp\/v2\/tags?post=944"}],"curies":[{"name":"wp","href":"https:\/\/api.w.org\/{rel}","templated":true}]}}