{"id":766,"date":"2018-07-12T13:52:56","date_gmt":"2018-07-12T11:52:56","guid":{"rendered":"https:\/\/www.leben-atmen.com\/europatour\/?p=766"},"modified":"2018-07-12T13:52:59","modified_gmt":"2018-07-12T11:52:59","slug":"erdoelraffinerie-in-gela","status":"publish","type":"post","link":"https:\/\/www.leben-atmen.com\/europatour\/2018\/07\/12\/erdoelraffinerie-in-gela\/","title":{"rendered":"Erd\u00f6lraffinerie in Gela"},"content":{"rendered":"<p>Vor einigen Tagen sind wir bereits kurz vor Syrakus an einer riesigen Raffinerie vorbeigefahren.<\/p>\n<p>Heute nun die n\u00e4chste Raffinerie. Diesmal von Eni. Diese steht kurz vor dem Ort Gela.<\/p>\n<p>Wir fragen uns, warum gibt es hier eigentlich keinen Werksverkauf? Bei allen anderen Dingen gibt es an den Produktionsst\u00e4tten g\u00fcnstige M\u00f6glichkeiten die dort produzierten Dinge zu erwerben. Warum nicht bei Raffinerien?<\/p>\n<p><img loading=\"lazy\" decoding=\"async\" src=\"https:\/\/www.leben-atmen.com\/wp-content\/blogs.dir\/11\/files\/2018\/07\/757efebc630df822cb9f34e65454a96b.jpg\" class=\"wp-image-765 size-full\" height=\"1800\" width=\"1350\" srcset=\"https:\/\/www.leben-atmen.com\/wp-content\/blogs.dir\/11\/files\/2018\/07\/757efebc630df822cb9f34e65454a96b.jpg 1350w, https:\/\/www.leben-atmen.com\/wp-content\/blogs.dir\/11\/files\/2018\/07\/757efebc630df822cb9f34e65454a96b-225x300.jpg 225w, https:\/\/www.leben-atmen.com\/wp-content\/blogs.dir\/11\/files\/2018\/07\/757efebc630df822cb9f34e65454a96b-768x1024.jpg 768w\" sizes=\"auto, (max-width: 1350px) 100vw, 1350px\" \/><img loading=\"lazy\" decoding=\"async\" src=\"https:\/\/www.leben-atmen.com\/wp-content\/blogs.dir\/11\/files\/2018\/07\/e7028e53cf09a35752567f2a6167c49f.jpg\" class=\"size-full wp-image-764\" height=\"1350\" width=\"1800\" srcset=\"https:\/\/www.leben-atmen.com\/wp-content\/blogs.dir\/11\/files\/2018\/07\/e7028e53cf09a35752567f2a6167c49f.jpg 1800w, https:\/\/www.leben-atmen.com\/wp-content\/blogs.dir\/11\/files\/2018\/07\/e7028e53cf09a35752567f2a6167c49f-300x225.jpg 300w, https:\/\/www.leben-atmen.com\/wp-content\/blogs.dir\/11\/files\/2018\/07\/e7028e53cf09a35752567f2a6167c49f-768x576.jpg 768w, https:\/\/www.leben-atmen.com\/wp-content\/blogs.dir\/11\/files\/2018\/07\/e7028e53cf09a35752567f2a6167c49f-1024x768.jpg 1024w, https:\/\/www.leben-atmen.com\/wp-content\/blogs.dir\/11\/files\/2018\/07\/e7028e53cf09a35752567f2a6167c49f-400x300.jpg 400w\" sizes=\"auto, (max-width: 1800px) 100vw, 1800px\" \/><\/p>\n","protected":false},"excerpt":{"rendered":"<p>Vor einigen Tagen sind wir bereits kurz vor Syrakus an einer riesigen Raffinerie vorbeigefahren. Heute nun die n\u00e4chste Raffinerie. Diesmal von Eni. Diese steht kurz vor dem Ort Gela. Wir fragen uns, warum gibt es hier eigentlich keinen Werksverkauf? Bei &hellip; <a href=\"https:\/\/www.leben-atmen.com\/europatour\/2018\/07\/12\/erdoelraffinerie-in-gela\/\">Weiterlesen <span class=\"meta-nav\">&rarr;<\/span><\/a><\/p>\n","protected":false},"author":3,"featured_media":0,"comment_status":"open","ping_status":"open","sticky":false,"template":"","format":"standard","meta":{"_jetpack_memberships_contains_paid_content":false,"footnotes":""},"categories":[1],"tags":[],"class_list":["post-766","post","type-post","status-publish","format-standard","hentry","category-allgemein"],"jetpack_featured_media_url":"","jetpack_sharing_enabled":true,"_links":{"self":[{"href":"https:\/\/www.leben-atmen.com\/europatour\/wp-json\/wp\/v2\/posts\/766","targetHints":{"allow":["GET"]}}],"collection":[{"href":"https:\/\/www.leben-atmen.com\/europatour\/wp-json\/wp\/v2\/posts"}],"about":[{"href":"https:\/\/www.leben-atmen.com\/europatour\/wp-json\/wp\/v2\/types\/post"}],"author":[{"embeddable":true,"href":"https:\/\/www.leben-atmen.com\/europatour\/wp-json\/wp\/v2\/users\/3"}],"replies":[{"embeddable":true,"href":"https:\/\/www.leben-atmen.com\/europatour\/wp-json\/wp\/v2\/comments?post=766"}],"version-history":[{"count":1,"href":"https:\/\/www.leben-atmen.com\/europatour\/wp-json\/wp\/v2\/posts\/766\/revisions"}],"predecessor-version":[{"id":767,"href":"https:\/\/www.leben-atmen.com\/europatour\/wp-json\/wp\/v2\/posts\/766\/revisions\/767"}],"wp:attachment":[{"href":"https:\/\/www.leben-atmen.com\/europatour\/wp-json\/wp\/v2\/media?parent=766"}],"wp:term":[{"taxonomy":"category","embeddable":true,"href":"https:\/\/www.leben-atmen.com\/europatour\/wp-json\/wp\/v2\/categories?post=766"},{"taxonomy":"post_tag","embeddable":true,"href":"https:\/\/www.leben-atmen.com\/europatour\/wp-json\/wp\/v2\/tags?post=766"}],"curies":[{"name":"wp","href":"https:\/\/api.w.org\/{rel}","templated":true}]}}