{"id":744,"date":"2018-07-11T14:21:53","date_gmt":"2018-07-11T12:21:53","guid":{"rendered":"https:\/\/www.leben-atmen.com\/europatour\/?p=744"},"modified":"2018-07-11T14:21:55","modified_gmt":"2018-07-11T12:21:55","slug":"ein-nachmittag-am-meer","status":"publish","type":"post","link":"https:\/\/www.leben-atmen.com\/europatour\/2018\/07\/11\/ein-nachmittag-am-meer\/","title":{"rendered":"Ein Nachmittag am Meer"},"content":{"rendered":"<p>Seele baumelt. Ruhepuls 46. Ein Schl\u00e4fchen. Eis. Ein Bad im Meer. Gedanken flie\u00dfen. Kleines Gl\u00fcck &#8211; hochverdient, so f\u00fchlt sich&#8217;s an.<\/p>\n<p><img loading=\"lazy\" decoding=\"async\" src=\"https:\/\/www.leben-atmen.com\/wp-content\/blogs.dir\/11\/files\/2018\/07\/97381bfa5f30fb5a2c9cab89e458fb93.jpg\" class=\"alignnone wp-image-743 size-full\" height=\"1350\" width=\"1800\" srcset=\"https:\/\/www.leben-atmen.com\/wp-content\/blogs.dir\/11\/files\/2018\/07\/97381bfa5f30fb5a2c9cab89e458fb93.jpg 1800w, https:\/\/www.leben-atmen.com\/wp-content\/blogs.dir\/11\/files\/2018\/07\/97381bfa5f30fb5a2c9cab89e458fb93-300x225.jpg 300w, https:\/\/www.leben-atmen.com\/wp-content\/blogs.dir\/11\/files\/2018\/07\/97381bfa5f30fb5a2c9cab89e458fb93-768x576.jpg 768w, https:\/\/www.leben-atmen.com\/wp-content\/blogs.dir\/11\/files\/2018\/07\/97381bfa5f30fb5a2c9cab89e458fb93-1024x768.jpg 1024w, https:\/\/www.leben-atmen.com\/wp-content\/blogs.dir\/11\/files\/2018\/07\/97381bfa5f30fb5a2c9cab89e458fb93-400x300.jpg 400w\" sizes=\"auto, (max-width: 1800px) 100vw, 1800px\" \/><img loading=\"lazy\" decoding=\"async\" src=\"https:\/\/www.leben-atmen.com\/wp-content\/blogs.dir\/11\/files\/2018\/07\/0c680fa27bfd5826c07edc6c4fa7a513.jpg\" class=\"alignnone wp-image-742 size-full\" height=\"1800\" width=\"1350\" srcset=\"https:\/\/www.leben-atmen.com\/wp-content\/blogs.dir\/11\/files\/2018\/07\/0c680fa27bfd5826c07edc6c4fa7a513.jpg 1350w, https:\/\/www.leben-atmen.com\/wp-content\/blogs.dir\/11\/files\/2018\/07\/0c680fa27bfd5826c07edc6c4fa7a513-225x300.jpg 225w, https:\/\/www.leben-atmen.com\/wp-content\/blogs.dir\/11\/files\/2018\/07\/0c680fa27bfd5826c07edc6c4fa7a513-768x1024.jpg 768w\" sizes=\"auto, (max-width: 1350px) 100vw, 1350px\" \/><\/p>\n","protected":false},"excerpt":{"rendered":"<p>Seele baumelt. Ruhepuls 46. Ein Schl\u00e4fchen. Eis. Ein Bad im Meer. Gedanken flie\u00dfen. Kleines Gl\u00fcck &#8211; hochverdient, so f\u00fchlt sich&#8217;s an.<\/p>\n","protected":false},"author":2,"featured_media":0,"comment_status":"open","ping_status":"open","sticky":false,"template":"","format":"standard","meta":{"_jetpack_memberships_contains_paid_content":false,"footnotes":""},"categories":[1],"tags":[],"class_list":["post-744","post","type-post","status-publish","format-standard","hentry","category-allgemein"],"jetpack_featured_media_url":"","jetpack_sharing_enabled":true,"_links":{"self":[{"href":"https:\/\/www.leben-atmen.com\/europatour\/wp-json\/wp\/v2\/posts\/744","targetHints":{"allow":["GET"]}}],"collection":[{"href":"https:\/\/www.leben-atmen.com\/europatour\/wp-json\/wp\/v2\/posts"}],"about":[{"href":"https:\/\/www.leben-atmen.com\/europatour\/wp-json\/wp\/v2\/types\/post"}],"author":[{"embeddable":true,"href":"https:\/\/www.leben-atmen.com\/europatour\/wp-json\/wp\/v2\/users\/2"}],"replies":[{"embeddable":true,"href":"https:\/\/www.leben-atmen.com\/europatour\/wp-json\/wp\/v2\/comments?post=744"}],"version-history":[{"count":1,"href":"https:\/\/www.leben-atmen.com\/europatour\/wp-json\/wp\/v2\/posts\/744\/revisions"}],"predecessor-version":[{"id":745,"href":"https:\/\/www.leben-atmen.com\/europatour\/wp-json\/wp\/v2\/posts\/744\/revisions\/745"}],"wp:attachment":[{"href":"https:\/\/www.leben-atmen.com\/europatour\/wp-json\/wp\/v2\/media?parent=744"}],"wp:term":[{"taxonomy":"category","embeddable":true,"href":"https:\/\/www.leben-atmen.com\/europatour\/wp-json\/wp\/v2\/categories?post=744"},{"taxonomy":"post_tag","embeddable":true,"href":"https:\/\/www.leben-atmen.com\/europatour\/wp-json\/wp\/v2\/tags?post=744"}],"curies":[{"name":"wp","href":"https:\/\/api.w.org\/{rel}","templated":true}]}}