{"id":645,"date":"2018-07-06T19:30:41","date_gmt":"2018-07-06T17:30:41","guid":{"rendered":"https:\/\/www.leben-atmen.com\/europatour\/?p=645"},"modified":"2018-07-06T19:30:43","modified_gmt":"2018-07-06T17:30:43","slug":"was-fuer-eine-freude","status":"publish","type":"post","link":"https:\/\/www.leben-atmen.com\/europatour\/2018\/07\/06\/was-fuer-eine-freude\/","title":{"rendered":"Was f\u00fcr eine Freude!"},"content":{"rendered":"<p>Unglaublich, unfassbar, unwahrscheinlich! Treffen wir hier doch unseren lieben Freund Roberto. Wir kennen ihn seit 2006 und nat\u00fcrlich erw\u00e4hnen wir ihn auch in unserem Buch Leben atmen. Wir halten seither Verbindung. 2010 hat er uns das Gep\u00e4ck \u00fcber den Gro\u00dfglockner gefahren.<\/p>\n<p>Das letzte Mal trafen wir in 2015 auf unserer Reise nach Izmir. Er hat es damals m\u00f6glich gemacht uns entgegenzusegeln und auf Tinos zu warten. Heute will es der Zufall, dass wir ihn \u00fcberraschen konnten!<\/p>\n<p>Eigentlich h\u00e4tten wir ihn noch in Sizilien vermutet. Aber dort war er schon mit seiner Pr\u00e4sentation, also ist es purer Zufall, dass ich ihn just heute angeschrieben habe! Was f\u00fcr eine Freude!<\/p>\n<p><img loading=\"lazy\" decoding=\"async\" src=\"https:\/\/www.leben-atmen.com\/wp-content\/blogs.dir\/11\/files\/2018\/07\/98d820ae6f7ea25e28788ad3dd4de1c1.jpg\" class=\"alignnone size-full wp-image-643\" height=\"1350\" width=\"1800\" srcset=\"https:\/\/www.leben-atmen.com\/wp-content\/blogs.dir\/11\/files\/2018\/07\/98d820ae6f7ea25e28788ad3dd4de1c1.jpg 1800w, https:\/\/www.leben-atmen.com\/wp-content\/blogs.dir\/11\/files\/2018\/07\/98d820ae6f7ea25e28788ad3dd4de1c1-300x225.jpg 300w, https:\/\/www.leben-atmen.com\/wp-content\/blogs.dir\/11\/files\/2018\/07\/98d820ae6f7ea25e28788ad3dd4de1c1-768x576.jpg 768w, https:\/\/www.leben-atmen.com\/wp-content\/blogs.dir\/11\/files\/2018\/07\/98d820ae6f7ea25e28788ad3dd4de1c1-1024x768.jpg 1024w, https:\/\/www.leben-atmen.com\/wp-content\/blogs.dir\/11\/files\/2018\/07\/98d820ae6f7ea25e28788ad3dd4de1c1-400x300.jpg 400w\" sizes=\"auto, (max-width: 1800px) 100vw, 1800px\" \/><\/p>\n<p><img loading=\"lazy\" decoding=\"async\" src=\"https:\/\/www.leben-atmen.com\/wp-content\/blogs.dir\/11\/files\/2018\/07\/8838c31fd0282949a3b48940737f449e.jpg\" class=\"alignnone wp-image-644 size-full\" height=\"1800\" width=\"1150\" srcset=\"https:\/\/www.leben-atmen.com\/wp-content\/blogs.dir\/11\/files\/2018\/07\/8838c31fd0282949a3b48940737f449e.jpg 1150w, https:\/\/www.leben-atmen.com\/wp-content\/blogs.dir\/11\/files\/2018\/07\/8838c31fd0282949a3b48940737f449e-192x300.jpg 192w, https:\/\/www.leben-atmen.com\/wp-content\/blogs.dir\/11\/files\/2018\/07\/8838c31fd0282949a3b48940737f449e-768x1202.jpg 768w, https:\/\/www.leben-atmen.com\/wp-content\/blogs.dir\/11\/files\/2018\/07\/8838c31fd0282949a3b48940737f449e-654x1024.jpg 654w\" sizes=\"auto, (max-width: 1150px) 100vw, 1150px\" \/><\/p>\n","protected":false},"excerpt":{"rendered":"<p>Unglaublich, unfassbar, unwahrscheinlich! Treffen wir hier doch unseren lieben Freund Roberto. Wir kennen ihn seit 2006 und nat\u00fcrlich erw\u00e4hnen wir ihn auch in unserem Buch Leben atmen. Wir halten seither Verbindung. 2010 hat er uns das Gep\u00e4ck \u00fcber den Gro\u00dfglockner &hellip; <a href=\"https:\/\/www.leben-atmen.com\/europatour\/2018\/07\/06\/was-fuer-eine-freude\/\">Weiterlesen <span class=\"meta-nav\">&rarr;<\/span><\/a><\/p>\n","protected":false},"author":2,"featured_media":0,"comment_status":"open","ping_status":"open","sticky":false,"template":"","format":"standard","meta":{"_jetpack_memberships_contains_paid_content":false,"footnotes":""},"categories":[1],"tags":[],"class_list":["post-645","post","type-post","status-publish","format-standard","hentry","category-allgemein"],"jetpack_featured_media_url":"","jetpack_sharing_enabled":true,"_links":{"self":[{"href":"https:\/\/www.leben-atmen.com\/europatour\/wp-json\/wp\/v2\/posts\/645","targetHints":{"allow":["GET"]}}],"collection":[{"href":"https:\/\/www.leben-atmen.com\/europatour\/wp-json\/wp\/v2\/posts"}],"about":[{"href":"https:\/\/www.leben-atmen.com\/europatour\/wp-json\/wp\/v2\/types\/post"}],"author":[{"embeddable":true,"href":"https:\/\/www.leben-atmen.com\/europatour\/wp-json\/wp\/v2\/users\/2"}],"replies":[{"embeddable":true,"href":"https:\/\/www.leben-atmen.com\/europatour\/wp-json\/wp\/v2\/comments?post=645"}],"version-history":[{"count":1,"href":"https:\/\/www.leben-atmen.com\/europatour\/wp-json\/wp\/v2\/posts\/645\/revisions"}],"predecessor-version":[{"id":646,"href":"https:\/\/www.leben-atmen.com\/europatour\/wp-json\/wp\/v2\/posts\/645\/revisions\/646"}],"wp:attachment":[{"href":"https:\/\/www.leben-atmen.com\/europatour\/wp-json\/wp\/v2\/media?parent=645"}],"wp:term":[{"taxonomy":"category","embeddable":true,"href":"https:\/\/www.leben-atmen.com\/europatour\/wp-json\/wp\/v2\/categories?post=645"},{"taxonomy":"post_tag","embeddable":true,"href":"https:\/\/www.leben-atmen.com\/europatour\/wp-json\/wp\/v2\/tags?post=645"}],"curies":[{"name":"wp","href":"https:\/\/api.w.org\/{rel}","templated":true}]}}