{"id":636,"date":"2018-07-06T13:45:40","date_gmt":"2018-07-06T11:45:40","guid":{"rendered":"https:\/\/www.leben-atmen.com\/europatour\/?p=636"},"modified":"2018-07-06T13:45:42","modified_gmt":"2018-07-06T11:45:42","slug":"weiter-auf-der-ss-106","status":"publish","type":"post","link":"https:\/\/www.leben-atmen.com\/europatour\/2018\/07\/06\/weiter-auf-der-ss-106\/","title":{"rendered":"Weiter auf der SS 106"},"content":{"rendered":"<p>Inzwischen ist aus der Autobahn eine Schnellstra\u00dfe geworden. Aber deswegen nicht weniger Verkehr. Zum Gl\u00fcck gibt es einen breiten Seitenstreifen den wir nutzen k\u00f6nnen.\u00dcbrigens sind wir nun seit gut 2,5 Wochen unterwegs und uns sind aber noch zwei interessante Dinge aufgefallen:1. Je s\u00fcdlicher wir kommen, desto mehr Menschen rauchen Zigaretten.  Zum ersten Mal fiel es uns auf, als wir in \u00d6sterreich angelangt sind. Dann in Kroatien gab es noch mehr Leute die zur Zigarette greifen. Und hier in Italien scheint es so zu sein, als ob ohne Zigarette gar nichts ginge. Nicht mal das Auto will fahren ohne dass dabei geraucht wird. 2. und ohne Smartphone geht schon gleich gar nichts mehr. Besonders bei den Italienern ist das Smartphone auch w\u00e4hrend der Autofahrt beliebt. Aber auch sonst nutzen alle Menschen die irgendwo sitzen, trinken oder rauchen, mit der zweiten Hand ein Smartphone.Kaum zu glauben, aber in den vergangenen zwei Wochen habe ich genau zwei Menschen mit einem Buch gesehen. Das eine war ein junger Bub auf der \u00dcberfahrt mit einer F\u00e4hre und das andere ein Mann meines Alters auf dem Schnellboot nach Dubrovnik. <img loading=\"lazy\" decoding=\"async\" src=\"https:\/\/www.leben-atmen.com\/wp-content\/blogs.dir\/11\/files\/2018\/07\/2f6bee7ee4b137113ac01d06a3359b9d.jpg\" class=\"size-full wp-image-635\" height=\"1350\" width=\"1800\" srcset=\"https:\/\/www.leben-atmen.com\/wp-content\/blogs.dir\/11\/files\/2018\/07\/2f6bee7ee4b137113ac01d06a3359b9d.jpg 1800w, https:\/\/www.leben-atmen.com\/wp-content\/blogs.dir\/11\/files\/2018\/07\/2f6bee7ee4b137113ac01d06a3359b9d-300x225.jpg 300w, https:\/\/www.leben-atmen.com\/wp-content\/blogs.dir\/11\/files\/2018\/07\/2f6bee7ee4b137113ac01d06a3359b9d-768x576.jpg 768w, https:\/\/www.leben-atmen.com\/wp-content\/blogs.dir\/11\/files\/2018\/07\/2f6bee7ee4b137113ac01d06a3359b9d-1024x768.jpg 1024w, https:\/\/www.leben-atmen.com\/wp-content\/blogs.dir\/11\/files\/2018\/07\/2f6bee7ee4b137113ac01d06a3359b9d-400x300.jpg 400w\" sizes=\"auto, (max-width: 1800px) 100vw, 1800px\" \/><\/p>\n","protected":false},"excerpt":{"rendered":"<p>Inzwischen ist aus der Autobahn eine Schnellstra\u00dfe geworden. Aber deswegen nicht weniger Verkehr. Zum Gl\u00fcck gibt es einen breiten Seitenstreifen den wir nutzen k\u00f6nnen.\u00dcbrigens sind wir nun seit gut 2,5 Wochen unterwegs und uns sind aber noch zwei interessante Dinge &hellip; <a href=\"https:\/\/www.leben-atmen.com\/europatour\/2018\/07\/06\/weiter-auf-der-ss-106\/\">Weiterlesen <span class=\"meta-nav\">&rarr;<\/span><\/a><\/p>\n","protected":false},"author":3,"featured_media":0,"comment_status":"open","ping_status":"open","sticky":false,"template":"","format":"standard","meta":{"_jetpack_memberships_contains_paid_content":false,"footnotes":""},"categories":[1],"tags":[],"class_list":["post-636","post","type-post","status-publish","format-standard","hentry","category-allgemein"],"jetpack_featured_media_url":"","jetpack_sharing_enabled":true,"_links":{"self":[{"href":"https:\/\/www.leben-atmen.com\/europatour\/wp-json\/wp\/v2\/posts\/636","targetHints":{"allow":["GET"]}}],"collection":[{"href":"https:\/\/www.leben-atmen.com\/europatour\/wp-json\/wp\/v2\/posts"}],"about":[{"href":"https:\/\/www.leben-atmen.com\/europatour\/wp-json\/wp\/v2\/types\/post"}],"author":[{"embeddable":true,"href":"https:\/\/www.leben-atmen.com\/europatour\/wp-json\/wp\/v2\/users\/3"}],"replies":[{"embeddable":true,"href":"https:\/\/www.leben-atmen.com\/europatour\/wp-json\/wp\/v2\/comments?post=636"}],"version-history":[{"count":1,"href":"https:\/\/www.leben-atmen.com\/europatour\/wp-json\/wp\/v2\/posts\/636\/revisions"}],"predecessor-version":[{"id":637,"href":"https:\/\/www.leben-atmen.com\/europatour\/wp-json\/wp\/v2\/posts\/636\/revisions\/637"}],"wp:attachment":[{"href":"https:\/\/www.leben-atmen.com\/europatour\/wp-json\/wp\/v2\/media?parent=636"}],"wp:term":[{"taxonomy":"category","embeddable":true,"href":"https:\/\/www.leben-atmen.com\/europatour\/wp-json\/wp\/v2\/categories?post=636"},{"taxonomy":"post_tag","embeddable":true,"href":"https:\/\/www.leben-atmen.com\/europatour\/wp-json\/wp\/v2\/tags?post=636"}],"curies":[{"name":"wp","href":"https:\/\/api.w.org\/{rel}","templated":true}]}}