{"id":633,"date":"2018-07-06T09:47:36","date_gmt":"2018-07-06T07:47:36","guid":{"rendered":"https:\/\/www.leben-atmen.com\/europatour\/?p=633"},"modified":"2018-07-06T09:47:39","modified_gmt":"2018-07-06T07:47:39","slug":"warum-wir-tun-was-wir-tun-und-wie-wir-es-tun","status":"publish","type":"post","link":"https:\/\/www.leben-atmen.com\/europatour\/2018\/07\/06\/warum-wir-tun-was-wir-tun-und-wie-wir-es-tun\/","title":{"rendered":"Warum wir tun was wir tun und wie wir es tun"},"content":{"rendered":"<p>Es war im M\u00e4rz diesen Jahres als ich auf einer Tour den brandneuen iMac Pro vorstellen durfte als mein \u201ealter\u201c Freund Markus (Name ge\u00e4ndert) zur Empfangst\u00fcre reinkam. Er war sehr ver\u00e4ndert \u2026Markus arbeitet so wie ich seit nunmehr knapp 30 Jahren in der IT-Branche. Das Arbeiten in der EDV ist schnelllebig und extrem hektisch. Ich weiss noch gut, als ich in meiner Hauptkampfzeit eines morgens in den Fr\u00fchst\u00fccksraum meines Hotels kam, eine Dame mich nach einer Zimmernummer fragte und ich die Zahl 235 von mir gab. Daraufhin antwortet die Dame freundlich, diese Nummer g\u00e4be es in diesem Hotel gar nicht.Ich war jeden Tag woanders &#8211; bin mit Flugzeugen und Z\u00fcgen umhergesaust und habe IT-Trainings gemacht. Dabei sind mir (inkl. Veranstaltungen) sicherlich um die 50 000 Menschen \u00fcber den Weg gelaufen. H\u00e4ngen geblieben ist davon nichts \u2026Ich habe dann nach dem Fr\u00fchst\u00fccksraum-Desaster schnell gemerkt, dass es so nicht weitergehen kann. Zum Gl\u00fcck hatte meine Frau den Verlag (<a href=\"http:\/\/amac.de\">amac.de<\/a>) gegr\u00fcndet und ich konnte ohne Reisen mein Wissen weitergeben.Markus ist in den Vertrieb gewechselt. War es anfangs nur Deutschland, so wurde bald Europa draus. Jeden Tag am Flughafen, jeden Tag ein anderes Land \u2026Vor ca. 1,5 Jahren sa\u00df Markus abends mit einem Freund in einer Kneipe, als der Freund zu Markus sagte: \u201eMensch Markus, was ist denn los &#8211; Dein Gesicht &#8211; Du schaust so komisch\u201c. Markus: \u201eNichts nichts, bin etwas gestresst, lass uns einen Schluck trinken.\u201c Doch es wurde schlimmer und der Freunde reagierte prompt. Der Notarzt kam und sofort wurde Markus ins Krankenhaus gefahren. Den Schlaganfall hat er nur um ein Haar \u00fcberlebt. Markus ist keine 50 Jahre alt.Heute kann Markus wieder gut sprechen, doch das Gehen f\u00e4llt im schwer. Er nutzt einen Gehstock. Und er weint, als er mir sagt, wie gerne er mit seinen Kindern im Meer baden m\u00f6chte oder gemeinsam Skilaufen gehen w\u00fcrde. All das geht nicht mehr!Und er sagt noch etwas zu mir: \u201eToni, mach so weiter mit Deinen Radreisen, achte auf Deine Gesundheit, denn das ist das Allerwichtigste\u201c.<\/p>\n","protected":false},"excerpt":{"rendered":"<p>Es war im M\u00e4rz diesen Jahres als ich auf einer Tour den brandneuen iMac Pro vorstellen durfte als mein \u201ealter\u201c Freund Markus (Name ge\u00e4ndert) zur Empfangst\u00fcre reinkam. Er war sehr ver\u00e4ndert \u2026Markus arbeitet so wie ich seit nunmehr knapp 30 &hellip; <a href=\"https:\/\/www.leben-atmen.com\/europatour\/2018\/07\/06\/warum-wir-tun-was-wir-tun-und-wie-wir-es-tun\/\">Weiterlesen <span class=\"meta-nav\">&rarr;<\/span><\/a><\/p>\n","protected":false},"author":3,"featured_media":0,"comment_status":"open","ping_status":"open","sticky":false,"template":"","format":"standard","meta":{"_jetpack_memberships_contains_paid_content":false,"footnotes":""},"categories":[1],"tags":[],"class_list":["post-633","post","type-post","status-publish","format-standard","hentry","category-allgemein"],"jetpack_featured_media_url":"","jetpack_sharing_enabled":true,"_links":{"self":[{"href":"https:\/\/www.leben-atmen.com\/europatour\/wp-json\/wp\/v2\/posts\/633","targetHints":{"allow":["GET"]}}],"collection":[{"href":"https:\/\/www.leben-atmen.com\/europatour\/wp-json\/wp\/v2\/posts"}],"about":[{"href":"https:\/\/www.leben-atmen.com\/europatour\/wp-json\/wp\/v2\/types\/post"}],"author":[{"embeddable":true,"href":"https:\/\/www.leben-atmen.com\/europatour\/wp-json\/wp\/v2\/users\/3"}],"replies":[{"embeddable":true,"href":"https:\/\/www.leben-atmen.com\/europatour\/wp-json\/wp\/v2\/comments?post=633"}],"version-history":[{"count":1,"href":"https:\/\/www.leben-atmen.com\/europatour\/wp-json\/wp\/v2\/posts\/633\/revisions"}],"predecessor-version":[{"id":634,"href":"https:\/\/www.leben-atmen.com\/europatour\/wp-json\/wp\/v2\/posts\/633\/revisions\/634"}],"wp:attachment":[{"href":"https:\/\/www.leben-atmen.com\/europatour\/wp-json\/wp\/v2\/media?parent=633"}],"wp:term":[{"taxonomy":"category","embeddable":true,"href":"https:\/\/www.leben-atmen.com\/europatour\/wp-json\/wp\/v2\/categories?post=633"},{"taxonomy":"post_tag","embeddable":true,"href":"https:\/\/www.leben-atmen.com\/europatour\/wp-json\/wp\/v2\/tags?post=633"}],"curies":[{"name":"wp","href":"https:\/\/api.w.org\/{rel}","templated":true}]}}