{"id":630,"date":"2018-07-06T08:27:04","date_gmt":"2018-07-06T06:27:04","guid":{"rendered":"https:\/\/www.leben-atmen.com\/europatour\/?p=630"},"modified":"2018-07-06T08:36:00","modified_gmt":"2018-07-06T06:36:00","slug":"frisch-geteert-und","status":"publish","type":"post","link":"https:\/\/www.leben-atmen.com\/europatour\/2018\/07\/06\/frisch-geteert-und\/","title":{"rendered":"Frisch geteert und&#8230;"},"content":{"rendered":"<p>&#8230;gest\u00e4rkt ! Mit Hunderten von Lastwagen polterten wir durch die Nacht. Wir glauben, n\u00e4her kann man nicht an einer Autobahn n\u00e4chtigen. Vielleicht noch in Indien\u2026?<\/p>\n<p>Irgendwie haben wir aber doch ganz ok geschlafen, ermattet vom gestrigen wilden Tag. Carlo serviert uns das ideale Radlerfr\u00fchst\u00fcck: eine Sachertorte, die seine Schwiegermamma gebacken hat! Wenn die mal nicht den gesamten Kalorienbedarf des Tages deckt?<\/p>\n<p><img loading=\"lazy\" decoding=\"async\" src=\"https:\/\/www.leben-atmen.com\/wp-content\/blogs.dir\/11\/files\/2018\/07\/3496876759836571342301b322ab80af.jpg\" class=\"alignnone wp-image-628 size-full\" height=\"1800\" width=\"1350\" srcset=\"https:\/\/www.leben-atmen.com\/wp-content\/blogs.dir\/11\/files\/2018\/07\/3496876759836571342301b322ab80af.jpg 1350w, https:\/\/www.leben-atmen.com\/wp-content\/blogs.dir\/11\/files\/2018\/07\/3496876759836571342301b322ab80af-225x300.jpg 225w, https:\/\/www.leben-atmen.com\/wp-content\/blogs.dir\/11\/files\/2018\/07\/3496876759836571342301b322ab80af-768x1024.jpg 768w\" sizes=\"auto, (max-width: 1350px) 100vw, 1350px\" \/><img loading=\"lazy\" decoding=\"async\" src=\"https:\/\/www.leben-atmen.com\/wp-content\/blogs.dir\/11\/files\/2018\/07\/853b279aea5e04b8fbe8b04438de277b.jpg\" class=\"alignnone size-full wp-image-627\" height=\"1800\" width=\"1350\" srcset=\"https:\/\/www.leben-atmen.com\/wp-content\/blogs.dir\/11\/files\/2018\/07\/853b279aea5e04b8fbe8b04438de277b.jpg 1350w, https:\/\/www.leben-atmen.com\/wp-content\/blogs.dir\/11\/files\/2018\/07\/853b279aea5e04b8fbe8b04438de277b-225x300.jpg 225w, https:\/\/www.leben-atmen.com\/wp-content\/blogs.dir\/11\/files\/2018\/07\/853b279aea5e04b8fbe8b04438de277b-768x1024.jpg 768w\" sizes=\"auto, (max-width: 1350px) 100vw, 1350px\" \/><img loading=\"lazy\" decoding=\"async\" src=\"https:\/\/www.leben-atmen.com\/wp-content\/blogs.dir\/11\/files\/2018\/07\/5ef69f7c61567283b99e752a8207b495.jpg\" class=\"alignnone size-full wp-image-629\" height=\"1350\" width=\"1800\" srcset=\"https:\/\/www.leben-atmen.com\/wp-content\/blogs.dir\/11\/files\/2018\/07\/5ef69f7c61567283b99e752a8207b495.jpg 1800w, https:\/\/www.leben-atmen.com\/wp-content\/blogs.dir\/11\/files\/2018\/07\/5ef69f7c61567283b99e752a8207b495-300x225.jpg 300w, https:\/\/www.leben-atmen.com\/wp-content\/blogs.dir\/11\/files\/2018\/07\/5ef69f7c61567283b99e752a8207b495-768x576.jpg 768w, https:\/\/www.leben-atmen.com\/wp-content\/blogs.dir\/11\/files\/2018\/07\/5ef69f7c61567283b99e752a8207b495-1024x768.jpg 1024w, https:\/\/www.leben-atmen.com\/wp-content\/blogs.dir\/11\/files\/2018\/07\/5ef69f7c61567283b99e752a8207b495-400x300.jpg 400w\" sizes=\"auto, (max-width: 1800px) 100vw, 1800px\" \/><\/p>\n","protected":false},"excerpt":{"rendered":"<p>&#8230;gest\u00e4rkt ! Mit Hunderten von Lastwagen polterten wir durch die Nacht. Wir glauben, n\u00e4her kann man nicht an einer Autobahn n\u00e4chtigen. Vielleicht noch in Indien\u2026? Irgendwie haben wir aber doch ganz ok geschlafen, ermattet vom gestrigen wilden Tag. Carlo serviert &hellip; <a href=\"https:\/\/www.leben-atmen.com\/europatour\/2018\/07\/06\/frisch-geteert-und\/\">Weiterlesen <span class=\"meta-nav\">&rarr;<\/span><\/a><\/p>\n","protected":false},"author":2,"featured_media":0,"comment_status":"open","ping_status":"open","sticky":false,"template":"","format":"standard","meta":{"_jetpack_memberships_contains_paid_content":false,"footnotes":""},"categories":[1],"tags":[],"class_list":["post-630","post","type-post","status-publish","format-standard","hentry","category-allgemein"],"jetpack_featured_media_url":"","jetpack_sharing_enabled":true,"_links":{"self":[{"href":"https:\/\/www.leben-atmen.com\/europatour\/wp-json\/wp\/v2\/posts\/630","targetHints":{"allow":["GET"]}}],"collection":[{"href":"https:\/\/www.leben-atmen.com\/europatour\/wp-json\/wp\/v2\/posts"}],"about":[{"href":"https:\/\/www.leben-atmen.com\/europatour\/wp-json\/wp\/v2\/types\/post"}],"author":[{"embeddable":true,"href":"https:\/\/www.leben-atmen.com\/europatour\/wp-json\/wp\/v2\/users\/2"}],"replies":[{"embeddable":true,"href":"https:\/\/www.leben-atmen.com\/europatour\/wp-json\/wp\/v2\/comments?post=630"}],"version-history":[{"count":2,"href":"https:\/\/www.leben-atmen.com\/europatour\/wp-json\/wp\/v2\/posts\/630\/revisions"}],"predecessor-version":[{"id":631,"href":"https:\/\/www.leben-atmen.com\/europatour\/wp-json\/wp\/v2\/posts\/630\/revisions\/631"}],"wp:attachment":[{"href":"https:\/\/www.leben-atmen.com\/europatour\/wp-json\/wp\/v2\/media?parent=630"}],"wp:term":[{"taxonomy":"category","embeddable":true,"href":"https:\/\/www.leben-atmen.com\/europatour\/wp-json\/wp\/v2\/categories?post=630"},{"taxonomy":"post_tag","embeddable":true,"href":"https:\/\/www.leben-atmen.com\/europatour\/wp-json\/wp\/v2\/tags?post=630"}],"curies":[{"name":"wp","href":"https:\/\/api.w.org\/{rel}","templated":true}]}}