{"id":576,"date":"2018-07-04T11:46:31","date_gmt":"2018-07-04T09:46:31","guid":{"rendered":"https:\/\/www.leben-atmen.com\/europatour\/?p=576"},"modified":"2018-07-04T11:46:33","modified_gmt":"2018-07-04T09:46:33","slug":"immer-aerger-mit-den-maskottchen","status":"publish","type":"post","link":"https:\/\/www.leben-atmen.com\/europatour\/2018\/07\/04\/immer-aerger-mit-den-maskottchen\/","title":{"rendered":"Immer \u00c4rger mit den Maskottchen"},"content":{"rendered":"<p>Unser Maskottchen Bruno m\u00f6chte hierbleiben! Denn seine Vorfahren haben schon hier gewohnt. Und die Trulli H\u00e4user passen hervorragend zu seiner M\u00fctze, denn sie haben den gleichen Winkel. Wir k\u00f6nnen ihn nur unter M\u00fchen \u00fcberreden, mit ans Meer zu kommen, denn er w\u00fcrde ja noch viel vers\u00e4umen wenn er hierbleibe. Au\u00dferdem haben wir ihn an die Aufgaben des Maskottchen erinnert.<\/p>\n<p><img loading=\"lazy\" decoding=\"async\" src=\"https:\/\/www.leben-atmen.com\/wp-content\/blogs.dir\/11\/files\/2018\/07\/4d010751f54cf7fc6ff7ac42365b54c3.jpg\" class=\"alignnone size-full wp-image-573\" height=\"1800\" width=\"1350\" srcset=\"https:\/\/www.leben-atmen.com\/wp-content\/blogs.dir\/11\/files\/2018\/07\/4d010751f54cf7fc6ff7ac42365b54c3.jpg 1350w, https:\/\/www.leben-atmen.com\/wp-content\/blogs.dir\/11\/files\/2018\/07\/4d010751f54cf7fc6ff7ac42365b54c3-225x300.jpg 225w, https:\/\/www.leben-atmen.com\/wp-content\/blogs.dir\/11\/files\/2018\/07\/4d010751f54cf7fc6ff7ac42365b54c3-768x1024.jpg 768w\" sizes=\"auto, (max-width: 1350px) 100vw, 1350px\" \/><img loading=\"lazy\" decoding=\"async\" src=\"https:\/\/www.leben-atmen.com\/wp-content\/blogs.dir\/11\/files\/2018\/07\/bec55c4ac8f66e4b9b37eafb867d16f9.jpg\" class=\"alignnone wp-image-575 size-full\" height=\"1800\" width=\"1350\" srcset=\"https:\/\/www.leben-atmen.com\/wp-content\/blogs.dir\/11\/files\/2018\/07\/bec55c4ac8f66e4b9b37eafb867d16f9.jpg 1350w, https:\/\/www.leben-atmen.com\/wp-content\/blogs.dir\/11\/files\/2018\/07\/bec55c4ac8f66e4b9b37eafb867d16f9-225x300.jpg 225w, https:\/\/www.leben-atmen.com\/wp-content\/blogs.dir\/11\/files\/2018\/07\/bec55c4ac8f66e4b9b37eafb867d16f9-768x1024.jpg 768w\" sizes=\"auto, (max-width: 1350px) 100vw, 1350px\" \/><img loading=\"lazy\" decoding=\"async\" src=\"https:\/\/www.leben-atmen.com\/wp-content\/blogs.dir\/11\/files\/2018\/07\/407efcf22b397c978b6b8ccf47b24ec2.jpg\" class=\"alignnone size-full wp-image-574\" height=\"1350\" width=\"1800\" srcset=\"https:\/\/www.leben-atmen.com\/wp-content\/blogs.dir\/11\/files\/2018\/07\/407efcf22b397c978b6b8ccf47b24ec2.jpg 1800w, https:\/\/www.leben-atmen.com\/wp-content\/blogs.dir\/11\/files\/2018\/07\/407efcf22b397c978b6b8ccf47b24ec2-300x225.jpg 300w, https:\/\/www.leben-atmen.com\/wp-content\/blogs.dir\/11\/files\/2018\/07\/407efcf22b397c978b6b8ccf47b24ec2-768x576.jpg 768w, https:\/\/www.leben-atmen.com\/wp-content\/blogs.dir\/11\/files\/2018\/07\/407efcf22b397c978b6b8ccf47b24ec2-1024x768.jpg 1024w, https:\/\/www.leben-atmen.com\/wp-content\/blogs.dir\/11\/files\/2018\/07\/407efcf22b397c978b6b8ccf47b24ec2-400x300.jpg 400w\" sizes=\"auto, (max-width: 1800px) 100vw, 1800px\" \/><\/p>\n","protected":false},"excerpt":{"rendered":"<p>Unser Maskottchen Bruno m\u00f6chte hierbleiben! Denn seine Vorfahren haben schon hier gewohnt. Und die Trulli H\u00e4user passen hervorragend zu seiner M\u00fctze, denn sie haben den gleichen Winkel. Wir k\u00f6nnen ihn nur unter M\u00fchen \u00fcberreden, mit ans Meer zu kommen, denn &hellip; <a href=\"https:\/\/www.leben-atmen.com\/europatour\/2018\/07\/04\/immer-aerger-mit-den-maskottchen\/\">Weiterlesen <span class=\"meta-nav\">&rarr;<\/span><\/a><\/p>\n","protected":false},"author":2,"featured_media":0,"comment_status":"open","ping_status":"open","sticky":false,"template":"","format":"standard","meta":{"_jetpack_memberships_contains_paid_content":false,"footnotes":""},"categories":[1],"tags":[],"class_list":["post-576","post","type-post","status-publish","format-standard","hentry","category-allgemein"],"jetpack_featured_media_url":"","jetpack_sharing_enabled":true,"_links":{"self":[{"href":"https:\/\/www.leben-atmen.com\/europatour\/wp-json\/wp\/v2\/posts\/576","targetHints":{"allow":["GET"]}}],"collection":[{"href":"https:\/\/www.leben-atmen.com\/europatour\/wp-json\/wp\/v2\/posts"}],"about":[{"href":"https:\/\/www.leben-atmen.com\/europatour\/wp-json\/wp\/v2\/types\/post"}],"author":[{"embeddable":true,"href":"https:\/\/www.leben-atmen.com\/europatour\/wp-json\/wp\/v2\/users\/2"}],"replies":[{"embeddable":true,"href":"https:\/\/www.leben-atmen.com\/europatour\/wp-json\/wp\/v2\/comments?post=576"}],"version-history":[{"count":1,"href":"https:\/\/www.leben-atmen.com\/europatour\/wp-json\/wp\/v2\/posts\/576\/revisions"}],"predecessor-version":[{"id":577,"href":"https:\/\/www.leben-atmen.com\/europatour\/wp-json\/wp\/v2\/posts\/576\/revisions\/577"}],"wp:attachment":[{"href":"https:\/\/www.leben-atmen.com\/europatour\/wp-json\/wp\/v2\/media?parent=576"}],"wp:term":[{"taxonomy":"category","embeddable":true,"href":"https:\/\/www.leben-atmen.com\/europatour\/wp-json\/wp\/v2\/categories?post=576"},{"taxonomy":"post_tag","embeddable":true,"href":"https:\/\/www.leben-atmen.com\/europatour\/wp-json\/wp\/v2\/tags?post=576"}],"curies":[{"name":"wp","href":"https:\/\/api.w.org\/{rel}","templated":true}]}}