{"id":486,"date":"2018-07-01T14:43:07","date_gmt":"2018-07-01T12:43:07","guid":{"rendered":"https:\/\/www.leben-atmen.com\/europatour\/?p=486"},"modified":"2018-07-01T14:43:09","modified_gmt":"2018-07-01T12:43:09","slug":"essen-hervorragend-beleuchtung-verbesserungsfaehig","status":"publish","type":"post","link":"https:\/\/www.leben-atmen.com\/europatour\/2018\/07\/01\/essen-hervorragend-beleuchtung-verbesserungsfaehig\/","title":{"rendered":"Essen hervorragend, Beleuchtung verbesserungsf\u00e4hig"},"content":{"rendered":"<p>Auch heute haben wir wieder viele H\u00f6henmeter zu \u00fcberwinden.<\/p>\n<p>Deshalb ist eine gute Mahlzeit mittags wichtig, damit wir auch die nachmitt\u00e4gliche Etappe noch schaffen. Unser Ziel ist heute der Ort Ston.<\/p>\n<p>Die dalmatinische K\u00fcche \u00fcberrascht uns mit allerlei leckeren Meeresfr\u00fcchte.<\/p>\n<p><img loading=\"lazy\" decoding=\"async\" src=\"https:\/\/www.leben-atmen.com\/wp-content\/blogs.dir\/11\/files\/2018\/07\/b5cfd3238edb914b4e261c8419cd4964.jpg\" class=\"alignnone wp-image-484 size-full\" height=\"1800\" width=\"1350\" srcset=\"https:\/\/www.leben-atmen.com\/wp-content\/blogs.dir\/11\/files\/2018\/07\/b5cfd3238edb914b4e261c8419cd4964.jpg 1350w, https:\/\/www.leben-atmen.com\/wp-content\/blogs.dir\/11\/files\/2018\/07\/b5cfd3238edb914b4e261c8419cd4964-225x300.jpg 225w, https:\/\/www.leben-atmen.com\/wp-content\/blogs.dir\/11\/files\/2018\/07\/b5cfd3238edb914b4e261c8419cd4964-768x1024.jpg 768w\" sizes=\"auto, (max-width: 1350px) 100vw, 1350px\" \/><img loading=\"lazy\" decoding=\"async\" src=\"https:\/\/www.leben-atmen.com\/wp-content\/blogs.dir\/11\/files\/2018\/07\/457145430561b510a4d2b1cdf8382474.jpg\" class=\"alignnone wp-image-485 size-full\" height=\"1800\" width=\"1350\" srcset=\"https:\/\/www.leben-atmen.com\/wp-content\/blogs.dir\/11\/files\/2018\/07\/457145430561b510a4d2b1cdf8382474.jpg 1350w, https:\/\/www.leben-atmen.com\/wp-content\/blogs.dir\/11\/files\/2018\/07\/457145430561b510a4d2b1cdf8382474-225x300.jpg 225w, https:\/\/www.leben-atmen.com\/wp-content\/blogs.dir\/11\/files\/2018\/07\/457145430561b510a4d2b1cdf8382474-768x1024.jpg 768w\" sizes=\"auto, (max-width: 1350px) 100vw, 1350px\" \/><img loading=\"lazy\" decoding=\"async\" src=\"https:\/\/www.leben-atmen.com\/wp-content\/blogs.dir\/11\/files\/2018\/07\/cbb22c4b5f4bbc127bf31c29d467dd59.jpg\" class=\"alignnone wp-image-483 size-full\" height=\"1800\" width=\"1350\" srcset=\"https:\/\/www.leben-atmen.com\/wp-content\/blogs.dir\/11\/files\/2018\/07\/cbb22c4b5f4bbc127bf31c29d467dd59.jpg 1350w, https:\/\/www.leben-atmen.com\/wp-content\/blogs.dir\/11\/files\/2018\/07\/cbb22c4b5f4bbc127bf31c29d467dd59-225x300.jpg 225w, https:\/\/www.leben-atmen.com\/wp-content\/blogs.dir\/11\/files\/2018\/07\/cbb22c4b5f4bbc127bf31c29d467dd59-768x1024.jpg 768w\" sizes=\"auto, (max-width: 1350px) 100vw, 1350px\" \/><\/p>\n","protected":false},"excerpt":{"rendered":"<p>Auch heute haben wir wieder viele H\u00f6henmeter zu \u00fcberwinden. Deshalb ist eine gute Mahlzeit mittags wichtig, damit wir auch die nachmitt\u00e4gliche Etappe noch schaffen. Unser Ziel ist heute der Ort Ston. Die dalmatinische K\u00fcche \u00fcberrascht uns mit allerlei leckeren Meeresfr\u00fcchte.<\/p>\n","protected":false},"author":2,"featured_media":0,"comment_status":"open","ping_status":"open","sticky":false,"template":"","format":"standard","meta":{"_jetpack_memberships_contains_paid_content":false,"footnotes":""},"categories":[1],"tags":[],"class_list":["post-486","post","type-post","status-publish","format-standard","hentry","category-allgemein"],"jetpack_featured_media_url":"","jetpack_sharing_enabled":true,"_links":{"self":[{"href":"https:\/\/www.leben-atmen.com\/europatour\/wp-json\/wp\/v2\/posts\/486","targetHints":{"allow":["GET"]}}],"collection":[{"href":"https:\/\/www.leben-atmen.com\/europatour\/wp-json\/wp\/v2\/posts"}],"about":[{"href":"https:\/\/www.leben-atmen.com\/europatour\/wp-json\/wp\/v2\/types\/post"}],"author":[{"embeddable":true,"href":"https:\/\/www.leben-atmen.com\/europatour\/wp-json\/wp\/v2\/users\/2"}],"replies":[{"embeddable":true,"href":"https:\/\/www.leben-atmen.com\/europatour\/wp-json\/wp\/v2\/comments?post=486"}],"version-history":[{"count":1,"href":"https:\/\/www.leben-atmen.com\/europatour\/wp-json\/wp\/v2\/posts\/486\/revisions"}],"predecessor-version":[{"id":487,"href":"https:\/\/www.leben-atmen.com\/europatour\/wp-json\/wp\/v2\/posts\/486\/revisions\/487"}],"wp:attachment":[{"href":"https:\/\/www.leben-atmen.com\/europatour\/wp-json\/wp\/v2\/media?parent=486"}],"wp:term":[{"taxonomy":"category","embeddable":true,"href":"https:\/\/www.leben-atmen.com\/europatour\/wp-json\/wp\/v2\/categories?post=486"},{"taxonomy":"post_tag","embeddable":true,"href":"https:\/\/www.leben-atmen.com\/europatour\/wp-json\/wp\/v2\/tags?post=486"}],"curies":[{"name":"wp","href":"https:\/\/api.w.org\/{rel}","templated":true}]}}