{"id":442,"date":"2018-06-28T18:10:45","date_gmt":"2018-06-28T16:10:45","guid":{"rendered":"https:\/\/www.leben-atmen.com\/europatour\/?p=442"},"modified":"2018-06-28T18:10:45","modified_gmt":"2018-06-28T16:10:45","slug":"ausstattung-ii","status":"publish","type":"post","link":"https:\/\/www.leben-atmen.com\/europatour\/2018\/06\/28\/ausstattung-ii\/","title":{"rendered":"Ausstattung II"},"content":{"rendered":"<p>Da zu einer Radtour neben einem guten Fahrrad auch die Radbekleidung z\u00e4hlt und uns immer wieder Fragen \u00fcber unsere Hosen etc. erreichen, stelle ich nun die Kleidung vor.<\/p>\n<p>Dr. Strunz hat einmal in einem seiner B\u00fccher \u00fcberJoggingkleidung geschrieben: Es sei w\u00fcnschenswert, nicht in den allerletzten Klamotten im Wald joggen zu gehen. F\u00fcr das Auge der Mitmenschen, die einem dort begegnen, sei es nicht sch\u00f6n, wenn man ausgebeulte Baumwolldinger, die man kaum als Hose bezeichnen kann, anzusehen.<\/p>\n<p>Dieses Credo beherzigen wir beim Radfahren, das habt ihr sicher schon gemerkt, es ist uns wichtig, in dieser Hinsicht gut auszusehen. Uns begegnen bisweilen Kolleginnen und Kollegen, die k\u00f6nnten auch unter der Br\u00fccke geschlafen haben. Vogelwilde Kleidung und Taschen am Fahrrad. Das macht einfach optisch schon keinen guten Eindruck und versaut den Ruf der Radwanderer. Wir f\u00fchlen uns wei\u00df Gott nicht als 2. Klasse Reisende.<\/p>\n<p>Radhosen: Je nach Sattel ist die Polsterung ausgepr\u00e4gt oder weniger dick. Grunds\u00e4tzlich haben wir in den letzten Jahren festgestellt gilt die Losung: Harter Sattel (z.B. Brooks Flyer bei Toni) viel Polster in der Hose. Viel Polster am Sattel (z. B. Selle Royal Respiro Damen, Leder) wenig Polster in der Radhose. Leider &#8211; muss man fast schon sagen &#8211; haben wir beide auch entsprechend andere Polsterungen dabei. Manchmal reiben diese Hosen dann zwischen Haut und Sattel. Da ist man dann froh, wenn man am n\u00e4chsten Tag die andere anziehen kann.<\/p>\n<p>\u00dcbrigens waschen wir diszipliniert jeden! Tag die komplette Radbekleidung aus, egal wie m\u00fcde man ist. Das ist hygienisch unbedingt notwendig, f\u00e4hrt man doch ohne Unterw\u00e4sche. Trocken wird die Kleidung \u00fcber Nacht fast immer. Wir verwenden Reisewaschmittel mit B\u00fcrste und wenn die Tube leer ist, dann gibt es in s\u00fcdlichen L\u00e4ndern Handwaschpulver zu kaufen. Eine Waschmaschine ist selten aufzutreiben und mittlerweile nutzen wir diese extrem selten.<\/p>\n<p>Radtrikots: Wir haben schon viel ausprobiert, aber wir sind uns auch in diesem Punkt einig: Die Italiener machen die sch\u00f6nsten Trikots! Unsere Sachen mittlerweile sind fast alle von Castelli. Sie sehen nicht nur gut aus sondern trocknen schnell, sch\u00fctzen vor Wind und Sonne und sind atmungsaktiv, au\u00dfer man radelt den Gro\u00dfglockner. Das einzige Manko: Als Deutscher braucht Toni, der normalerweise zwischen M und L w\u00e4hlt, XXL-Gr\u00f6\u00dfe&#8230;<\/p>\n<p>Regenbekleidung: GORE Jacken sind absolut wasserdicht. VAUDE Hosen auch. Dazu gibt es wie bei der Motorradkleidung \u00dcberzieher f\u00fcr die Schuhe von VAUDE, echt spitze die Dinger.<\/p>\n<p>Ansonsten, na klar, Helme geh\u00f6ren ebenfalls zur Grundausstattung dazu. Die sollte man laut Hersteller alle 5 Jahre austauschen. Hoffen wir mal, dass die Hersteller es wirklich gut mit uns meinen und nicht nur mit sich selbst&#8230;<\/p>\n<p><a href=\"https:\/\/www.leben-atmen.com\/wp-content\/blogs.dir\/11\/files\/2018\/06\/3acedd48cb2424be245c92f42f7855a5.jpg\" data-rel=\"lightbox-image-0\" data-rl_title=\"\" data-rl_caption=\"\" title=\"\"><img decoding=\"async\" class=\"alignnone size-full\" src=\"https:\/\/www.leben-atmen.com\/wp-content\/blogs.dir\/11\/files\/2018\/06\/3acedd48cb2424be245c92f42f7855a5.jpg\" alt=\"\" \/><\/a> <a href=\"https:\/\/www.leben-atmen.com\/wp-content\/blogs.dir\/11\/files\/2018\/06\/c79a2b3ab7e3593431d37d7e6d7cfaed.jpg\" data-rel=\"lightbox-image-1\" data-rl_title=\"\" data-rl_caption=\"\" title=\"\"><img decoding=\"async\" class=\"alignnone size-full\" src=\"https:\/\/www.leben-atmen.com\/wp-content\/blogs.dir\/11\/files\/2018\/06\/c79a2b3ab7e3593431d37d7e6d7cfaed.jpg\" alt=\"\" \/><\/a> <a href=\"https:\/\/www.leben-atmen.com\/wp-content\/blogs.dir\/11\/files\/2018\/06\/d2a0acf8830a2fe4cc14bc960b71e570.jpg\" data-rel=\"lightbox-image-2\" data-rl_title=\"\" data-rl_caption=\"\" title=\"\"><img decoding=\"async\" class=\"alignnone size-full\" src=\"https:\/\/www.leben-atmen.com\/wp-content\/blogs.dir\/11\/files\/2018\/06\/d2a0acf8830a2fe4cc14bc960b71e570.jpg\" alt=\"\" \/><\/a><\/p>\n","protected":false},"excerpt":{"rendered":"<p>Da zu einer Radtour neben einem guten Fahrrad auch die Radbekleidung z\u00e4hlt und uns immer wieder Fragen \u00fcber unsere Hosen etc. erreichen, stelle ich nun die Kleidung vor. Dr. Strunz hat einmal in einem seiner B\u00fccher \u00fcberJoggingkleidung geschrieben: Es sei &hellip; <a href=\"https:\/\/www.leben-atmen.com\/europatour\/2018\/06\/28\/ausstattung-ii\/\">Weiterlesen <span class=\"meta-nav\">&rarr;<\/span><\/a><\/p>\n","protected":false},"author":2,"featured_media":0,"comment_status":"open","ping_status":"open","sticky":false,"template":"","format":"standard","meta":{"_jetpack_memberships_contains_paid_content":false,"footnotes":""},"categories":[1],"tags":[],"class_list":["post-442","post","type-post","status-publish","format-standard","hentry","category-allgemein"],"jetpack_featured_media_url":"","jetpack_sharing_enabled":true,"_links":{"self":[{"href":"https:\/\/www.leben-atmen.com\/europatour\/wp-json\/wp\/v2\/posts\/442","targetHints":{"allow":["GET"]}}],"collection":[{"href":"https:\/\/www.leben-atmen.com\/europatour\/wp-json\/wp\/v2\/posts"}],"about":[{"href":"https:\/\/www.leben-atmen.com\/europatour\/wp-json\/wp\/v2\/types\/post"}],"author":[{"embeddable":true,"href":"https:\/\/www.leben-atmen.com\/europatour\/wp-json\/wp\/v2\/users\/2"}],"replies":[{"embeddable":true,"href":"https:\/\/www.leben-atmen.com\/europatour\/wp-json\/wp\/v2\/comments?post=442"}],"version-history":[{"count":1,"href":"https:\/\/www.leben-atmen.com\/europatour\/wp-json\/wp\/v2\/posts\/442\/revisions"}],"predecessor-version":[{"id":446,"href":"https:\/\/www.leben-atmen.com\/europatour\/wp-json\/wp\/v2\/posts\/442\/revisions\/446"}],"wp:attachment":[{"href":"https:\/\/www.leben-atmen.com\/europatour\/wp-json\/wp\/v2\/media?parent=442"}],"wp:term":[{"taxonomy":"category","embeddable":true,"href":"https:\/\/www.leben-atmen.com\/europatour\/wp-json\/wp\/v2\/categories?post=442"},{"taxonomy":"post_tag","embeddable":true,"href":"https:\/\/www.leben-atmen.com\/europatour\/wp-json\/wp\/v2\/tags?post=442"}],"curies":[{"name":"wp","href":"https:\/\/api.w.org\/{rel}","templated":true}]}}