{"id":433,"date":"2018-06-28T12:42:29","date_gmt":"2018-06-28T10:42:29","guid":{"rendered":"https:\/\/www.leben-atmen.com\/europatour\/?p=433"},"modified":"2018-06-28T12:42:30","modified_gmt":"2018-06-28T10:42:30","slug":"trauer-um-kuno","status":"publish","type":"post","link":"https:\/\/www.leben-atmen.com\/europatour\/2018\/06\/28\/trauer-um-kuno\/","title":{"rendered":"Trauer um Kuno"},"content":{"rendered":"<p>Wir wissen nicht, was Kuno dazu veranlasst hat, von meinem Fahrrad abzuspringen und sich in die kroatischen Schluchten von Cres zu werfen!<\/p>\n<p>Die Operation in St. Johann war doch perfekt verlaufen. Der Bergdoktor hatte ganze Arbeit geleistet und Kuno war wieder vollends genesen. Er war nur nicht mehr der gleiche, depressiver&#8230; Vielleicht aber auch hat ihm gestern das Fu\u00dfballspiel den Rest gegeben und er wollte nicht mehr leben.<\/p>\n<p>Jetzt ist er im Zwergenhimmel und wird wohl dort gut aufgehoben sein.?<\/p>\n<p>Aber das Leben muss auch ohne Kuno und ohne Weltmeisterschaft weitergehen! Seine Arbeit als Maskottchen \u00fcbernimmt nun der kleine Molch Protheus aus den Postojnagrotten. Er ist zwar viel kleiner, blind und taub, aber es wird schon schief gehen.?<\/p>\n<p>Und sein Zwillingsbruder Bruno \u00fcbernimmt nat\u00fcrlich auch gro\u00dfe Teile seines wichtigen Jobs.<\/p>\n<p><img loading=\"lazy\" decoding=\"async\" src=\"https:\/\/www.leben-atmen.com\/wp-content\/blogs.dir\/11\/files\/2018\/06\/ff5020a58bd735262250663695cec027.jpg\" class=\"alignnone size-full wp-image-430\" height=\"1350\" width=\"1800\" srcset=\"https:\/\/www.leben-atmen.com\/wp-content\/blogs.dir\/11\/files\/2018\/06\/ff5020a58bd735262250663695cec027.jpg 1800w, https:\/\/www.leben-atmen.com\/wp-content\/blogs.dir\/11\/files\/2018\/06\/ff5020a58bd735262250663695cec027-300x225.jpg 300w, https:\/\/www.leben-atmen.com\/wp-content\/blogs.dir\/11\/files\/2018\/06\/ff5020a58bd735262250663695cec027-768x576.jpg 768w, https:\/\/www.leben-atmen.com\/wp-content\/blogs.dir\/11\/files\/2018\/06\/ff5020a58bd735262250663695cec027-1024x768.jpg 1024w, https:\/\/www.leben-atmen.com\/wp-content\/blogs.dir\/11\/files\/2018\/06\/ff5020a58bd735262250663695cec027-400x300.jpg 400w\" sizes=\"auto, (max-width: 1800px) 100vw, 1800px\" \/><\/p>\n<p><img loading=\"lazy\" decoding=\"async\" src=\"https:\/\/www.leben-atmen.com\/wp-content\/blogs.dir\/11\/files\/2018\/06\/8e06d4675fc7531f84323aaadb787a26.jpg\" class=\"alignnone size-full wp-image-431\" height=\"1350\" width=\"1800\" srcset=\"https:\/\/www.leben-atmen.com\/wp-content\/blogs.dir\/11\/files\/2018\/06\/8e06d4675fc7531f84323aaadb787a26.jpg 1800w, https:\/\/www.leben-atmen.com\/wp-content\/blogs.dir\/11\/files\/2018\/06\/8e06d4675fc7531f84323aaadb787a26-300x225.jpg 300w, https:\/\/www.leben-atmen.com\/wp-content\/blogs.dir\/11\/files\/2018\/06\/8e06d4675fc7531f84323aaadb787a26-768x576.jpg 768w, https:\/\/www.leben-atmen.com\/wp-content\/blogs.dir\/11\/files\/2018\/06\/8e06d4675fc7531f84323aaadb787a26-1024x768.jpg 1024w, https:\/\/www.leben-atmen.com\/wp-content\/blogs.dir\/11\/files\/2018\/06\/8e06d4675fc7531f84323aaadb787a26-400x300.jpg 400w\" sizes=\"auto, (max-width: 1800px) 100vw, 1800px\" \/><img loading=\"lazy\" decoding=\"async\" src=\"https:\/\/www.leben-atmen.com\/wp-content\/blogs.dir\/11\/files\/2018\/06\/095b9ab93fb3d82923b69006d771030d.jpg\" class=\"alignnone wp-image-432 size-full\" height=\"1412\" width=\"1800\" srcset=\"https:\/\/www.leben-atmen.com\/wp-content\/blogs.dir\/11\/files\/2018\/06\/095b9ab93fb3d82923b69006d771030d.jpg 1800w, https:\/\/www.leben-atmen.com\/wp-content\/blogs.dir\/11\/files\/2018\/06\/095b9ab93fb3d82923b69006d771030d-300x235.jpg 300w, https:\/\/www.leben-atmen.com\/wp-content\/blogs.dir\/11\/files\/2018\/06\/095b9ab93fb3d82923b69006d771030d-768x602.jpg 768w, https:\/\/www.leben-atmen.com\/wp-content\/blogs.dir\/11\/files\/2018\/06\/095b9ab93fb3d82923b69006d771030d-1024x803.jpg 1024w, https:\/\/www.leben-atmen.com\/wp-content\/blogs.dir\/11\/files\/2018\/06\/095b9ab93fb3d82923b69006d771030d-382x300.jpg 382w\" sizes=\"auto, (max-width: 1800px) 100vw, 1800px\" \/><\/p>\n","protected":false},"excerpt":{"rendered":"<p>Wir wissen nicht, was Kuno dazu veranlasst hat, von meinem Fahrrad abzuspringen und sich in die kroatischen Schluchten von Cres zu werfen! Die Operation in St. Johann war doch perfekt verlaufen. Der Bergdoktor hatte ganze Arbeit geleistet und Kuno war &hellip; <a href=\"https:\/\/www.leben-atmen.com\/europatour\/2018\/06\/28\/trauer-um-kuno\/\">Weiterlesen <span class=\"meta-nav\">&rarr;<\/span><\/a><\/p>\n","protected":false},"author":2,"featured_media":0,"comment_status":"open","ping_status":"open","sticky":false,"template":"","format":"standard","meta":{"_jetpack_memberships_contains_paid_content":false,"footnotes":""},"categories":[1],"tags":[],"class_list":["post-433","post","type-post","status-publish","format-standard","hentry","category-allgemein"],"jetpack_featured_media_url":"","jetpack_sharing_enabled":true,"_links":{"self":[{"href":"https:\/\/www.leben-atmen.com\/europatour\/wp-json\/wp\/v2\/posts\/433","targetHints":{"allow":["GET"]}}],"collection":[{"href":"https:\/\/www.leben-atmen.com\/europatour\/wp-json\/wp\/v2\/posts"}],"about":[{"href":"https:\/\/www.leben-atmen.com\/europatour\/wp-json\/wp\/v2\/types\/post"}],"author":[{"embeddable":true,"href":"https:\/\/www.leben-atmen.com\/europatour\/wp-json\/wp\/v2\/users\/2"}],"replies":[{"embeddable":true,"href":"https:\/\/www.leben-atmen.com\/europatour\/wp-json\/wp\/v2\/comments?post=433"}],"version-history":[{"count":1,"href":"https:\/\/www.leben-atmen.com\/europatour\/wp-json\/wp\/v2\/posts\/433\/revisions"}],"predecessor-version":[{"id":434,"href":"https:\/\/www.leben-atmen.com\/europatour\/wp-json\/wp\/v2\/posts\/433\/revisions\/434"}],"wp:attachment":[{"href":"https:\/\/www.leben-atmen.com\/europatour\/wp-json\/wp\/v2\/media?parent=433"}],"wp:term":[{"taxonomy":"category","embeddable":true,"href":"https:\/\/www.leben-atmen.com\/europatour\/wp-json\/wp\/v2\/categories?post=433"},{"taxonomy":"post_tag","embeddable":true,"href":"https:\/\/www.leben-atmen.com\/europatour\/wp-json\/wp\/v2\/tags?post=433"}],"curies":[{"name":"wp","href":"https:\/\/api.w.org\/{rel}","templated":true}]}}