{"id":421,"date":"2018-06-27T18:45:24","date_gmt":"2018-06-27T16:45:24","guid":{"rendered":"https:\/\/www.leben-atmen.com\/europatour\/?p=421"},"modified":"2018-06-27T18:50:12","modified_gmt":"2018-06-27T16:50:12","slug":"weltmeisterschaft-im-eimer","status":"publish","type":"post","link":"https:\/\/www.leben-atmen.com\/europatour\/2018\/06\/27\/weltmeisterschaft-im-eimer\/","title":{"rendered":"Weltmeisterschaft im Eimer"},"content":{"rendered":"<p>Oh je oh je! Da haben wir uns so beeilt, die 1000 H\u00f6henmeter hierher zu radeln, damit wir das Fu\u00dfballspiel p\u00fcnktlich um 16:00 Uhr anschauen konnten. Mit sonst auch schon hochroten Kopf sa\u00dfen wir vor dem Fernseher und erlitten dieses Desaster ?. Daf\u00fcr h\u00e4tten wir uns wirklich nicht so beeilen brauchen!<\/p>\n<p>Einen Vorteil hat das Ganze! Nun m\u00fcssen wir die ?? Fan Produkte nicht mehr mitschleppen und verlieren somit an Gewicht!<\/p>\n<p>Hier am sch\u00f6nen blauen Meer sind wir trotzdem traurig und schockiert ? .<\/p>\n<p><a href=\"https:\/\/www.leben-atmen.com\/wp-content\/blogs.dir\/11\/files\/2018\/06\/7163303c852eccdd27c427a5282f33ea.jpg\" data-rel=\"lightbox-image-0\" data-rl_title=\"\" data-rl_caption=\"\" title=\"\"><img decoding=\"async\" class=\"alignnone size-full\" src=\"https:\/\/www.leben-atmen.com\/wp-content\/blogs.dir\/11\/files\/2018\/06\/7163303c852eccdd27c427a5282f33ea.jpg\" alt=\"\" \/><\/a><\/p>\n","protected":false},"excerpt":{"rendered":"<p>Oh je oh je! Da haben wir uns so beeilt, die 1000 H\u00f6henmeter hierher zu radeln, damit wir das Fu\u00dfballspiel p\u00fcnktlich um 16:00 Uhr anschauen konnten. Mit sonst auch schon hochroten Kopf sa\u00dfen wir vor dem Fernseher und erlitten dieses &hellip; <a href=\"https:\/\/www.leben-atmen.com\/europatour\/2018\/06\/27\/weltmeisterschaft-im-eimer\/\">Weiterlesen <span class=\"meta-nav\">&rarr;<\/span><\/a><\/p>\n","protected":false},"author":3,"featured_media":0,"comment_status":"open","ping_status":"open","sticky":false,"template":"","format":"standard","meta":{"_jetpack_memberships_contains_paid_content":false,"footnotes":""},"categories":[1],"tags":[],"class_list":["post-421","post","type-post","status-publish","format-standard","hentry","category-allgemein"],"jetpack_featured_media_url":"","jetpack_sharing_enabled":true,"_links":{"self":[{"href":"https:\/\/www.leben-atmen.com\/europatour\/wp-json\/wp\/v2\/posts\/421","targetHints":{"allow":["GET"]}}],"collection":[{"href":"https:\/\/www.leben-atmen.com\/europatour\/wp-json\/wp\/v2\/posts"}],"about":[{"href":"https:\/\/www.leben-atmen.com\/europatour\/wp-json\/wp\/v2\/types\/post"}],"author":[{"embeddable":true,"href":"https:\/\/www.leben-atmen.com\/europatour\/wp-json\/wp\/v2\/users\/3"}],"replies":[{"embeddable":true,"href":"https:\/\/www.leben-atmen.com\/europatour\/wp-json\/wp\/v2\/comments?post=421"}],"version-history":[{"count":2,"href":"https:\/\/www.leben-atmen.com\/europatour\/wp-json\/wp\/v2\/posts\/421\/revisions"}],"predecessor-version":[{"id":422,"href":"https:\/\/www.leben-atmen.com\/europatour\/wp-json\/wp\/v2\/posts\/421\/revisions\/422"}],"wp:attachment":[{"href":"https:\/\/www.leben-atmen.com\/europatour\/wp-json\/wp\/v2\/media?parent=421"}],"wp:term":[{"taxonomy":"category","embeddable":true,"href":"https:\/\/www.leben-atmen.com\/europatour\/wp-json\/wp\/v2\/categories?post=421"},{"taxonomy":"post_tag","embeddable":true,"href":"https:\/\/www.leben-atmen.com\/europatour\/wp-json\/wp\/v2\/tags?post=421"}],"curies":[{"name":"wp","href":"https:\/\/api.w.org\/{rel}","templated":true}]}}