{"id":397,"date":"2018-06-27T08:37:03","date_gmt":"2018-06-27T06:37:03","guid":{"rendered":"https:\/\/www.leben-atmen.com\/europatour\/?p=397"},"modified":"2018-06-27T08:37:06","modified_gmt":"2018-06-27T06:37:06","slug":"unsere-ausstattung","status":"publish","type":"post","link":"https:\/\/www.leben-atmen.com\/europatour\/2018\/06\/27\/unsere-ausstattung\/","title":{"rendered":"Unsere Ausstattung"},"content":{"rendered":"<p>Nachdem uns immer wieder Fragen zu unserer Ausstattung erreichen, wollen wir in den n\u00e4chsten Tagen in loser Reihenfolge einige Details dazu bekannt geben.<\/p>\n<p>Fangen wir also heute mal mit unseren Sandalen an. Diese Sandalen sind vom Hersteller Shimano und haben eine sehr dicke und feste Sohle.<\/p>\n<p>Auf der Unterseite haben wir die M\u00f6glichkeit uns im Pedal einzuklinken. Wir k\u00f6nnen mit diesen Sandalen aber auch bequem umherlaufen.<\/p>\n<p>Der gr\u00f6\u00dfte Vorteil ist, dass unsere F\u00fc\u00dfe damit st\u00e4ndig &#8222;bel\u00fcftet&#8220; werden und wir so nicht schwitzend in irgendwelchen festen Schuhen drin sitzen m\u00fcssen.<\/p>\n<p><img loading=\"lazy\" decoding=\"async\" src=\"https:\/\/www.leben-atmen.com\/wp-content\/blogs.dir\/11\/files\/2018\/06\/4abb2d38cc45a993c4197d3b54e6672b.jpg\" class=\"alignnone size-full wp-image-396\" height=\"1800\" width=\"1350\" srcset=\"https:\/\/www.leben-atmen.com\/wp-content\/blogs.dir\/11\/files\/2018\/06\/4abb2d38cc45a993c4197d3b54e6672b.jpg 1350w, https:\/\/www.leben-atmen.com\/wp-content\/blogs.dir\/11\/files\/2018\/06\/4abb2d38cc45a993c4197d3b54e6672b-225x300.jpg 225w, https:\/\/www.leben-atmen.com\/wp-content\/blogs.dir\/11\/files\/2018\/06\/4abb2d38cc45a993c4197d3b54e6672b-768x1024.jpg 768w\" sizes=\"auto, (max-width: 1350px) 100vw, 1350px\" \/><img loading=\"lazy\" decoding=\"async\" src=\"https:\/\/www.leben-atmen.com\/wp-content\/blogs.dir\/11\/files\/2018\/06\/bcdfa2204e0a062af1fd17f30b3b1493.jpg\" class=\"alignnone wp-image-395 size-full\" height=\"1800\" width=\"1350\" srcset=\"https:\/\/www.leben-atmen.com\/wp-content\/blogs.dir\/11\/files\/2018\/06\/bcdfa2204e0a062af1fd17f30b3b1493.jpg 1350w, https:\/\/www.leben-atmen.com\/wp-content\/blogs.dir\/11\/files\/2018\/06\/bcdfa2204e0a062af1fd17f30b3b1493-225x300.jpg 225w, https:\/\/www.leben-atmen.com\/wp-content\/blogs.dir\/11\/files\/2018\/06\/bcdfa2204e0a062af1fd17f30b3b1493-768x1024.jpg 768w\" sizes=\"auto, (max-width: 1350px) 100vw, 1350px\" \/><\/p>\n","protected":false},"excerpt":{"rendered":"<p>Nachdem uns immer wieder Fragen zu unserer Ausstattung erreichen, wollen wir in den n\u00e4chsten Tagen in loser Reihenfolge einige Details dazu bekannt geben. Fangen wir also heute mal mit unseren Sandalen an. Diese Sandalen sind vom Hersteller Shimano und haben &hellip; <a href=\"https:\/\/www.leben-atmen.com\/europatour\/2018\/06\/27\/unsere-ausstattung\/\">Weiterlesen <span class=\"meta-nav\">&rarr;<\/span><\/a><\/p>\n","protected":false},"author":3,"featured_media":0,"comment_status":"open","ping_status":"open","sticky":false,"template":"","format":"standard","meta":{"_jetpack_memberships_contains_paid_content":false,"footnotes":""},"categories":[1],"tags":[],"class_list":["post-397","post","type-post","status-publish","format-standard","hentry","category-allgemein"],"jetpack_featured_media_url":"","jetpack_sharing_enabled":true,"_links":{"self":[{"href":"https:\/\/www.leben-atmen.com\/europatour\/wp-json\/wp\/v2\/posts\/397","targetHints":{"allow":["GET"]}}],"collection":[{"href":"https:\/\/www.leben-atmen.com\/europatour\/wp-json\/wp\/v2\/posts"}],"about":[{"href":"https:\/\/www.leben-atmen.com\/europatour\/wp-json\/wp\/v2\/types\/post"}],"author":[{"embeddable":true,"href":"https:\/\/www.leben-atmen.com\/europatour\/wp-json\/wp\/v2\/users\/3"}],"replies":[{"embeddable":true,"href":"https:\/\/www.leben-atmen.com\/europatour\/wp-json\/wp\/v2\/comments?post=397"}],"version-history":[{"count":1,"href":"https:\/\/www.leben-atmen.com\/europatour\/wp-json\/wp\/v2\/posts\/397\/revisions"}],"predecessor-version":[{"id":398,"href":"https:\/\/www.leben-atmen.com\/europatour\/wp-json\/wp\/v2\/posts\/397\/revisions\/398"}],"wp:attachment":[{"href":"https:\/\/www.leben-atmen.com\/europatour\/wp-json\/wp\/v2\/media?parent=397"}],"wp:term":[{"taxonomy":"category","embeddable":true,"href":"https:\/\/www.leben-atmen.com\/europatour\/wp-json\/wp\/v2\/categories?post=397"},{"taxonomy":"post_tag","embeddable":true,"href":"https:\/\/www.leben-atmen.com\/europatour\/wp-json\/wp\/v2\/tags?post=397"}],"curies":[{"name":"wp","href":"https:\/\/api.w.org\/{rel}","templated":true}]}}