{"id":252,"date":"2018-06-21T17:07:28","date_gmt":"2018-06-21T15:07:28","guid":{"rendered":"https:\/\/www.leben-atmen.com\/europatour\/?p=252"},"modified":"2018-06-21T18:57:20","modified_gmt":"2018-06-21T16:57:20","slug":"hoechster-punkt-unserer-reise-hohes-tor-auf-2500-hm","status":"publish","type":"post","link":"https:\/\/www.leben-atmen.com\/europatour\/2018\/06\/21\/hoechster-punkt-unserer-reise-hohes-tor-auf-2500-hm\/","title":{"rendered":"H\u00f6chster Punkt unserer Reise: Hohes Tor auf 2500 hm"},"content":{"rendered":"<p>Soeben haben wir das Hohe Tor passiert. Auf 2500 H\u00f6henmeter verbindet es das Land Salzburg mit K\u00e4rnten.<\/p>\n<p>Hinter uns t\u00fcrmen sich bereits kr\u00e4ftige Gewitter auf. Wir m\u00fcssen nun zu sehen dass wir gut Berg abw\u00e4rts nach Heiligenblut kommen.<\/p>\n<p><img loading=\"lazy\" decoding=\"async\" class=\"alignnone wp-image-248 size-full\" src=\"https:\/\/www.leben-atmen.com\/wp-content\/blogs.dir\/11\/files\/2018\/06\/69e04479d270ac38e47b5876a4724fbd.jpg\" width=\"1350\" height=\"1800\" srcset=\"https:\/\/www.leben-atmen.com\/wp-content\/blogs.dir\/11\/files\/2018\/06\/69e04479d270ac38e47b5876a4724fbd.jpg 1350w, https:\/\/www.leben-atmen.com\/wp-content\/blogs.dir\/11\/files\/2018\/06\/69e04479d270ac38e47b5876a4724fbd-225x300.jpg 225w, https:\/\/www.leben-atmen.com\/wp-content\/blogs.dir\/11\/files\/2018\/06\/69e04479d270ac38e47b5876a4724fbd-768x1024.jpg 768w\" sizes=\"auto, (max-width: 1350px) 100vw, 1350px\" \/><img loading=\"lazy\" decoding=\"async\" class=\"alignnone size-full wp-image-250\" src=\"https:\/\/www.leben-atmen.com\/wp-content\/blogs.dir\/11\/files\/2018\/06\/d43880513c5a868bbfbd2ac0c160ca42.jpg\" width=\"1800\" height=\"1350\" srcset=\"https:\/\/www.leben-atmen.com\/wp-content\/blogs.dir\/11\/files\/2018\/06\/d43880513c5a868bbfbd2ac0c160ca42.jpg 1800w, https:\/\/www.leben-atmen.com\/wp-content\/blogs.dir\/11\/files\/2018\/06\/d43880513c5a868bbfbd2ac0c160ca42-300x225.jpg 300w, https:\/\/www.leben-atmen.com\/wp-content\/blogs.dir\/11\/files\/2018\/06\/d43880513c5a868bbfbd2ac0c160ca42-768x576.jpg 768w, https:\/\/www.leben-atmen.com\/wp-content\/blogs.dir\/11\/files\/2018\/06\/d43880513c5a868bbfbd2ac0c160ca42-1024x768.jpg 1024w, https:\/\/www.leben-atmen.com\/wp-content\/blogs.dir\/11\/files\/2018\/06\/d43880513c5a868bbfbd2ac0c160ca42-400x300.jpg 400w\" sizes=\"auto, (max-width: 1800px) 100vw, 1800px\" \/><img loading=\"lazy\" decoding=\"async\" class=\"alignnone size-full wp-image-251\" src=\"https:\/\/www.leben-atmen.com\/wp-content\/blogs.dir\/11\/files\/2018\/06\/93d0798208557b88d57bf69f42d08da9.jpg\" width=\"1800\" height=\"1350\" srcset=\"https:\/\/www.leben-atmen.com\/wp-content\/blogs.dir\/11\/files\/2018\/06\/93d0798208557b88d57bf69f42d08da9.jpg 1800w, https:\/\/www.leben-atmen.com\/wp-content\/blogs.dir\/11\/files\/2018\/06\/93d0798208557b88d57bf69f42d08da9-300x225.jpg 300w, https:\/\/www.leben-atmen.com\/wp-content\/blogs.dir\/11\/files\/2018\/06\/93d0798208557b88d57bf69f42d08da9-768x576.jpg 768w, https:\/\/www.leben-atmen.com\/wp-content\/blogs.dir\/11\/files\/2018\/06\/93d0798208557b88d57bf69f42d08da9-1024x768.jpg 1024w, https:\/\/www.leben-atmen.com\/wp-content\/blogs.dir\/11\/files\/2018\/06\/93d0798208557b88d57bf69f42d08da9-400x300.jpg 400w\" sizes=\"auto, (max-width: 1800px) 100vw, 1800px\" \/><img loading=\"lazy\" decoding=\"async\" class=\"alignnone wp-image-249 size-full\" src=\"https:\/\/www.leben-atmen.com\/wp-content\/blogs.dir\/11\/files\/2018\/06\/1d1b98be98725d50ae30fb41f68f8c65.jpg\" width=\"1800\" height=\"1350\" srcset=\"https:\/\/www.leben-atmen.com\/wp-content\/blogs.dir\/11\/files\/2018\/06\/1d1b98be98725d50ae30fb41f68f8c65.jpg 1800w, https:\/\/www.leben-atmen.com\/wp-content\/blogs.dir\/11\/files\/2018\/06\/1d1b98be98725d50ae30fb41f68f8c65-300x225.jpg 300w, https:\/\/www.leben-atmen.com\/wp-content\/blogs.dir\/11\/files\/2018\/06\/1d1b98be98725d50ae30fb41f68f8c65-768x576.jpg 768w, https:\/\/www.leben-atmen.com\/wp-content\/blogs.dir\/11\/files\/2018\/06\/1d1b98be98725d50ae30fb41f68f8c65-1024x768.jpg 1024w, https:\/\/www.leben-atmen.com\/wp-content\/blogs.dir\/11\/files\/2018\/06\/1d1b98be98725d50ae30fb41f68f8c65-400x300.jpg 400w\" sizes=\"auto, (max-width: 1800px) 100vw, 1800px\" \/><\/p>\n","protected":false},"excerpt":{"rendered":"<p>Soeben haben wir das Hohe Tor passiert. Auf 2500 H\u00f6henmeter verbindet es das Land Salzburg mit K\u00e4rnten. Hinter uns t\u00fcrmen sich bereits kr\u00e4ftige Gewitter auf. Wir m\u00fcssen nun zu sehen dass wir gut Berg abw\u00e4rts nach Heiligenblut kommen.<\/p>\n","protected":false},"author":3,"featured_media":0,"comment_status":"open","ping_status":"open","sticky":false,"template":"","format":"standard","meta":{"_jetpack_memberships_contains_paid_content":false,"footnotes":""},"categories":[1],"tags":[],"class_list":["post-252","post","type-post","status-publish","format-standard","hentry","category-allgemein"],"jetpack_featured_media_url":"","jetpack_sharing_enabled":true,"_links":{"self":[{"href":"https:\/\/www.leben-atmen.com\/europatour\/wp-json\/wp\/v2\/posts\/252","targetHints":{"allow":["GET"]}}],"collection":[{"href":"https:\/\/www.leben-atmen.com\/europatour\/wp-json\/wp\/v2\/posts"}],"about":[{"href":"https:\/\/www.leben-atmen.com\/europatour\/wp-json\/wp\/v2\/types\/post"}],"author":[{"embeddable":true,"href":"https:\/\/www.leben-atmen.com\/europatour\/wp-json\/wp\/v2\/users\/3"}],"replies":[{"embeddable":true,"href":"https:\/\/www.leben-atmen.com\/europatour\/wp-json\/wp\/v2\/comments?post=252"}],"version-history":[{"count":2,"href":"https:\/\/www.leben-atmen.com\/europatour\/wp-json\/wp\/v2\/posts\/252\/revisions"}],"predecessor-version":[{"id":253,"href":"https:\/\/www.leben-atmen.com\/europatour\/wp-json\/wp\/v2\/posts\/252\/revisions\/253"}],"wp:attachment":[{"href":"https:\/\/www.leben-atmen.com\/europatour\/wp-json\/wp\/v2\/media?parent=252"}],"wp:term":[{"taxonomy":"category","embeddable":true,"href":"https:\/\/www.leben-atmen.com\/europatour\/wp-json\/wp\/v2\/categories?post=252"},{"taxonomy":"post_tag","embeddable":true,"href":"https:\/\/www.leben-atmen.com\/europatour\/wp-json\/wp\/v2\/tags?post=252"}],"curies":[{"name":"wp","href":"https:\/\/api.w.org\/{rel}","templated":true}]}}