{"id":1171,"date":"2018-07-29T16:02:34","date_gmt":"2018-07-29T14:02:34","guid":{"rendered":"https:\/\/www.leben-atmen.com\/europatour\/?p=1171"},"modified":"2018-07-29T16:02:37","modified_gmt":"2018-07-29T14:02:37","slug":"zum-abschluss-auf-600-hoehenmeter","status":"publish","type":"post","link":"https:\/\/www.leben-atmen.com\/europatour\/2018\/07\/29\/zum-abschluss-auf-600-hoehenmeter\/","title":{"rendered":"Zum Abschluss auf 600 H\u00f6henmeter"},"content":{"rendered":"<p>Wir haben nun das Rhonetal verlassen und klettern einen H\u00fcgel hinauf. Unser Ziel liegt auf 600 H\u00f6henmeter.<\/p>\n<p>Das ist ein guter Ausgangspunkt f\u00fcr den morgigen Tourstart und wir hoffen auch, dass es oben auf dem H\u00fcgel k\u00fchler ist als unten im Rhonetal.<\/p>\n<p><img loading=\"lazy\" decoding=\"async\" src=\"https:\/\/www.leben-atmen.com\/wp-content\/blogs.dir\/11\/files\/2018\/07\/ed963b5efb37674cda559d856e047648.jpg\" class=\"size-full wp-image-1169\" height=\"1350\" width=\"1800\" srcset=\"https:\/\/www.leben-atmen.com\/wp-content\/blogs.dir\/11\/files\/2018\/07\/ed963b5efb37674cda559d856e047648.jpg 1800w, https:\/\/www.leben-atmen.com\/wp-content\/blogs.dir\/11\/files\/2018\/07\/ed963b5efb37674cda559d856e047648-300x225.jpg 300w, https:\/\/www.leben-atmen.com\/wp-content\/blogs.dir\/11\/files\/2018\/07\/ed963b5efb37674cda559d856e047648-768x576.jpg 768w, https:\/\/www.leben-atmen.com\/wp-content\/blogs.dir\/11\/files\/2018\/07\/ed963b5efb37674cda559d856e047648-1024x768.jpg 1024w, https:\/\/www.leben-atmen.com\/wp-content\/blogs.dir\/11\/files\/2018\/07\/ed963b5efb37674cda559d856e047648-400x300.jpg 400w\" sizes=\"auto, (max-width: 1800px) 100vw, 1800px\" \/><img loading=\"lazy\" decoding=\"async\" src=\"https:\/\/www.leben-atmen.com\/wp-content\/blogs.dir\/11\/files\/2018\/07\/3681e6476c54e2641ce3240ee6b03ccd.jpg\" class=\"wp-image-1170 size-full\" height=\"1800\" width=\"1350\" srcset=\"https:\/\/www.leben-atmen.com\/wp-content\/blogs.dir\/11\/files\/2018\/07\/3681e6476c54e2641ce3240ee6b03ccd.jpg 1350w, https:\/\/www.leben-atmen.com\/wp-content\/blogs.dir\/11\/files\/2018\/07\/3681e6476c54e2641ce3240ee6b03ccd-225x300.jpg 225w, https:\/\/www.leben-atmen.com\/wp-content\/blogs.dir\/11\/files\/2018\/07\/3681e6476c54e2641ce3240ee6b03ccd-768x1024.jpg 768w\" sizes=\"auto, (max-width: 1350px) 100vw, 1350px\" \/><\/p>\n","protected":false},"excerpt":{"rendered":"<p>Wir haben nun das Rhonetal verlassen und klettern einen H\u00fcgel hinauf. Unser Ziel liegt auf 600 H\u00f6henmeter. Das ist ein guter Ausgangspunkt f\u00fcr den morgigen Tourstart und wir hoffen auch, dass es oben auf dem H\u00fcgel k\u00fchler ist als unten &hellip; <a href=\"https:\/\/www.leben-atmen.com\/europatour\/2018\/07\/29\/zum-abschluss-auf-600-hoehenmeter\/\">Weiterlesen <span class=\"meta-nav\">&rarr;<\/span><\/a><\/p>\n","protected":false},"author":3,"featured_media":0,"comment_status":"open","ping_status":"open","sticky":false,"template":"","format":"standard","meta":{"_jetpack_memberships_contains_paid_content":false,"footnotes":""},"categories":[1],"tags":[],"class_list":["post-1171","post","type-post","status-publish","format-standard","hentry","category-allgemein"],"jetpack_featured_media_url":"","jetpack_sharing_enabled":true,"_links":{"self":[{"href":"https:\/\/www.leben-atmen.com\/europatour\/wp-json\/wp\/v2\/posts\/1171","targetHints":{"allow":["GET"]}}],"collection":[{"href":"https:\/\/www.leben-atmen.com\/europatour\/wp-json\/wp\/v2\/posts"}],"about":[{"href":"https:\/\/www.leben-atmen.com\/europatour\/wp-json\/wp\/v2\/types\/post"}],"author":[{"embeddable":true,"href":"https:\/\/www.leben-atmen.com\/europatour\/wp-json\/wp\/v2\/users\/3"}],"replies":[{"embeddable":true,"href":"https:\/\/www.leben-atmen.com\/europatour\/wp-json\/wp\/v2\/comments?post=1171"}],"version-history":[{"count":1,"href":"https:\/\/www.leben-atmen.com\/europatour\/wp-json\/wp\/v2\/posts\/1171\/revisions"}],"predecessor-version":[{"id":1172,"href":"https:\/\/www.leben-atmen.com\/europatour\/wp-json\/wp\/v2\/posts\/1171\/revisions\/1172"}],"wp:attachment":[{"href":"https:\/\/www.leben-atmen.com\/europatour\/wp-json\/wp\/v2\/media?parent=1171"}],"wp:term":[{"taxonomy":"category","embeddable":true,"href":"https:\/\/www.leben-atmen.com\/europatour\/wp-json\/wp\/v2\/categories?post=1171"},{"taxonomy":"post_tag","embeddable":true,"href":"https:\/\/www.leben-atmen.com\/europatour\/wp-json\/wp\/v2\/tags?post=1171"}],"curies":[{"name":"wp","href":"https:\/\/api.w.org\/{rel}","templated":true}]}}