{"id":1167,"date":"2018-07-29T14:39:31","date_gmt":"2018-07-29T12:39:31","guid":{"rendered":"https:\/\/www.leben-atmen.com\/europatour\/?p=1167"},"modified":"2018-07-29T14:39:33","modified_gmt":"2018-07-29T12:39:33","slug":"seyssel","status":"publish","type":"post","link":"https:\/\/www.leben-atmen.com\/europatour\/2018\/07\/29\/seyssel\/","title":{"rendered":"Seyssel"},"content":{"rendered":"<p>Kurz bevor wir heute die Rhone verlassen, radeln wir noch einmal durch ein wundersch\u00f6nes St\u00e4dtchen: Seyssel.<\/p>\n<p>Wir haben heute bereits um 14:30 Uhr circa 65 km geschafft. Es geht stets leicht bergaufw\u00e4rts, da wir an der Rhone entlang fahren.<\/p>\n<p>Doch ein leichter R\u00fcckenwind hilft uns.<\/p>\n<p>In wenigen Kilometern werden wir rechts in ein Flusstal abbiegen und dann unserem Zielort Chaumont anpeilen.<\/p>\n<p><img loading=\"lazy\" decoding=\"async\" src=\"https:\/\/www.leben-atmen.com\/wp-content\/blogs.dir\/11\/files\/2018\/07\/03a64d7712fe4c4445212e81a0119693.jpg\" class=\"wp-image-1164 size-full\" height=\"1350\" width=\"1800\" srcset=\"https:\/\/www.leben-atmen.com\/wp-content\/blogs.dir\/11\/files\/2018\/07\/03a64d7712fe4c4445212e81a0119693.jpg 1800w, https:\/\/www.leben-atmen.com\/wp-content\/blogs.dir\/11\/files\/2018\/07\/03a64d7712fe4c4445212e81a0119693-300x225.jpg 300w, https:\/\/www.leben-atmen.com\/wp-content\/blogs.dir\/11\/files\/2018\/07\/03a64d7712fe4c4445212e81a0119693-768x576.jpg 768w, https:\/\/www.leben-atmen.com\/wp-content\/blogs.dir\/11\/files\/2018\/07\/03a64d7712fe4c4445212e81a0119693-1024x768.jpg 1024w, https:\/\/www.leben-atmen.com\/wp-content\/blogs.dir\/11\/files\/2018\/07\/03a64d7712fe4c4445212e81a0119693-400x300.jpg 400w\" sizes=\"auto, (max-width: 1800px) 100vw, 1800px\" \/><img loading=\"lazy\" decoding=\"async\" src=\"https:\/\/www.leben-atmen.com\/wp-content\/blogs.dir\/11\/files\/2018\/07\/183e19dac06ac22e44a94d81affac5ed.jpg\" class=\"wp-image-1166 size-full\" height=\"1350\" width=\"1800\" srcset=\"https:\/\/www.leben-atmen.com\/wp-content\/blogs.dir\/11\/files\/2018\/07\/183e19dac06ac22e44a94d81affac5ed.jpg 1800w, https:\/\/www.leben-atmen.com\/wp-content\/blogs.dir\/11\/files\/2018\/07\/183e19dac06ac22e44a94d81affac5ed-300x225.jpg 300w, https:\/\/www.leben-atmen.com\/wp-content\/blogs.dir\/11\/files\/2018\/07\/183e19dac06ac22e44a94d81affac5ed-768x576.jpg 768w, https:\/\/www.leben-atmen.com\/wp-content\/blogs.dir\/11\/files\/2018\/07\/183e19dac06ac22e44a94d81affac5ed-1024x768.jpg 1024w, https:\/\/www.leben-atmen.com\/wp-content\/blogs.dir\/11\/files\/2018\/07\/183e19dac06ac22e44a94d81affac5ed-400x300.jpg 400w\" sizes=\"auto, (max-width: 1800px) 100vw, 1800px\" \/><img loading=\"lazy\" decoding=\"async\" src=\"https:\/\/www.leben-atmen.com\/wp-content\/blogs.dir\/11\/files\/2018\/07\/b8f4e21bf36d89f4ecd9e59e69c62ad2.jpg\" class=\"wp-image-1165 size-full\" height=\"1350\" width=\"1800\" srcset=\"https:\/\/www.leben-atmen.com\/wp-content\/blogs.dir\/11\/files\/2018\/07\/b8f4e21bf36d89f4ecd9e59e69c62ad2.jpg 1800w, https:\/\/www.leben-atmen.com\/wp-content\/blogs.dir\/11\/files\/2018\/07\/b8f4e21bf36d89f4ecd9e59e69c62ad2-300x225.jpg 300w, https:\/\/www.leben-atmen.com\/wp-content\/blogs.dir\/11\/files\/2018\/07\/b8f4e21bf36d89f4ecd9e59e69c62ad2-768x576.jpg 768w, https:\/\/www.leben-atmen.com\/wp-content\/blogs.dir\/11\/files\/2018\/07\/b8f4e21bf36d89f4ecd9e59e69c62ad2-1024x768.jpg 1024w, https:\/\/www.leben-atmen.com\/wp-content\/blogs.dir\/11\/files\/2018\/07\/b8f4e21bf36d89f4ecd9e59e69c62ad2-400x300.jpg 400w\" sizes=\"auto, (max-width: 1800px) 100vw, 1800px\" \/><\/p>\n","protected":false},"excerpt":{"rendered":"<p>Kurz bevor wir heute die Rhone verlassen, radeln wir noch einmal durch ein wundersch\u00f6nes St\u00e4dtchen: Seyssel. Wir haben heute bereits um 14:30 Uhr circa 65 km geschafft. Es geht stets leicht bergaufw\u00e4rts, da wir an der Rhone entlang fahren. Doch &hellip; <a href=\"https:\/\/www.leben-atmen.com\/europatour\/2018\/07\/29\/seyssel\/\">Weiterlesen <span class=\"meta-nav\">&rarr;<\/span><\/a><\/p>\n","protected":false},"author":3,"featured_media":0,"comment_status":"open","ping_status":"open","sticky":false,"template":"","format":"standard","meta":{"_jetpack_memberships_contains_paid_content":false,"footnotes":""},"categories":[1],"tags":[],"class_list":["post-1167","post","type-post","status-publish","format-standard","hentry","category-allgemein"],"jetpack_featured_media_url":"","jetpack_sharing_enabled":true,"_links":{"self":[{"href":"https:\/\/www.leben-atmen.com\/europatour\/wp-json\/wp\/v2\/posts\/1167","targetHints":{"allow":["GET"]}}],"collection":[{"href":"https:\/\/www.leben-atmen.com\/europatour\/wp-json\/wp\/v2\/posts"}],"about":[{"href":"https:\/\/www.leben-atmen.com\/europatour\/wp-json\/wp\/v2\/types\/post"}],"author":[{"embeddable":true,"href":"https:\/\/www.leben-atmen.com\/europatour\/wp-json\/wp\/v2\/users\/3"}],"replies":[{"embeddable":true,"href":"https:\/\/www.leben-atmen.com\/europatour\/wp-json\/wp\/v2\/comments?post=1167"}],"version-history":[{"count":1,"href":"https:\/\/www.leben-atmen.com\/europatour\/wp-json\/wp\/v2\/posts\/1167\/revisions"}],"predecessor-version":[{"id":1168,"href":"https:\/\/www.leben-atmen.com\/europatour\/wp-json\/wp\/v2\/posts\/1167\/revisions\/1168"}],"wp:attachment":[{"href":"https:\/\/www.leben-atmen.com\/europatour\/wp-json\/wp\/v2\/media?parent=1167"}],"wp:term":[{"taxonomy":"category","embeddable":true,"href":"https:\/\/www.leben-atmen.com\/europatour\/wp-json\/wp\/v2\/categories?post=1167"},{"taxonomy":"post_tag","embeddable":true,"href":"https:\/\/www.leben-atmen.com\/europatour\/wp-json\/wp\/v2\/tags?post=1167"}],"curies":[{"name":"wp","href":"https:\/\/api.w.org\/{rel}","templated":true}]}}