{"id":1108,"date":"2018-07-26T13:12:55","date_gmt":"2018-07-26T11:12:55","guid":{"rendered":"https:\/\/www.leben-atmen.com\/europatour\/?p=1108"},"modified":"2018-07-26T13:12:59","modified_gmt":"2018-07-26T11:12:59","slug":"rhonetal-sehenswuerdigkeiten","status":"publish","type":"post","link":"https:\/\/www.leben-atmen.com\/europatour\/2018\/07\/26\/rhonetal-sehenswuerdigkeiten\/","title":{"rendered":"Rhonetal Sehensw\u00fcrdigkeiten"},"content":{"rendered":"<p>Offensichtlich sind wir gerade in einem interessanten Abschnitt des Radweges unterwegs. Wie uns die Karte im Restaurant anzeigt, gibt es hier viele kleine Burgen, Schl\u00f6sser und Kl\u00f6ster. Im Moment befinden wir uns im Ort Cruas mit einer Abtei. Die Altstadt h\u00e4ngt leider oben am Berghang, da radeln wir heute nicht hinauf.<\/p>\n<p><img loading=\"lazy\" decoding=\"async\" src=\"https:\/\/www.leben-atmen.com\/wp-content\/blogs.dir\/11\/files\/2018\/07\/9f5f6f05995c658d633b4d9ca2431fd9.jpg\" class=\"wp-image-1105 size-full\" height=\"1800\" width=\"1350\" srcset=\"https:\/\/www.leben-atmen.com\/wp-content\/blogs.dir\/11\/files\/2018\/07\/9f5f6f05995c658d633b4d9ca2431fd9.jpg 1350w, https:\/\/www.leben-atmen.com\/wp-content\/blogs.dir\/11\/files\/2018\/07\/9f5f6f05995c658d633b4d9ca2431fd9-225x300.jpg 225w, https:\/\/www.leben-atmen.com\/wp-content\/blogs.dir\/11\/files\/2018\/07\/9f5f6f05995c658d633b4d9ca2431fd9-768x1024.jpg 768w\" sizes=\"auto, (max-width: 1350px) 100vw, 1350px\" \/><img loading=\"lazy\" decoding=\"async\" src=\"https:\/\/www.leben-atmen.com\/wp-content\/blogs.dir\/11\/files\/2018\/07\/ac16ed6b6cb497638e32f10c6c20de79.jpg\" class=\"wp-image-1106 size-full\" height=\"1350\" width=\"1800\" srcset=\"https:\/\/www.leben-atmen.com\/wp-content\/blogs.dir\/11\/files\/2018\/07\/ac16ed6b6cb497638e32f10c6c20de79.jpg 1800w, https:\/\/www.leben-atmen.com\/wp-content\/blogs.dir\/11\/files\/2018\/07\/ac16ed6b6cb497638e32f10c6c20de79-300x225.jpg 300w, https:\/\/www.leben-atmen.com\/wp-content\/blogs.dir\/11\/files\/2018\/07\/ac16ed6b6cb497638e32f10c6c20de79-768x576.jpg 768w, https:\/\/www.leben-atmen.com\/wp-content\/blogs.dir\/11\/files\/2018\/07\/ac16ed6b6cb497638e32f10c6c20de79-1024x768.jpg 1024w, https:\/\/www.leben-atmen.com\/wp-content\/blogs.dir\/11\/files\/2018\/07\/ac16ed6b6cb497638e32f10c6c20de79-400x300.jpg 400w\" sizes=\"auto, (max-width: 1800px) 100vw, 1800px\" \/><img loading=\"lazy\" decoding=\"async\" src=\"https:\/\/www.leben-atmen.com\/wp-content\/blogs.dir\/11\/files\/2018\/07\/29782acee09c71f7411a2802dbead150.jpg\" class=\"size-full wp-image-1107\" height=\"1800\" width=\"1366\" srcset=\"https:\/\/www.leben-atmen.com\/wp-content\/blogs.dir\/11\/files\/2018\/07\/29782acee09c71f7411a2802dbead150.jpg 1366w, https:\/\/www.leben-atmen.com\/wp-content\/blogs.dir\/11\/files\/2018\/07\/29782acee09c71f7411a2802dbead150-228x300.jpg 228w, https:\/\/www.leben-atmen.com\/wp-content\/blogs.dir\/11\/files\/2018\/07\/29782acee09c71f7411a2802dbead150-768x1012.jpg 768w, https:\/\/www.leben-atmen.com\/wp-content\/blogs.dir\/11\/files\/2018\/07\/29782acee09c71f7411a2802dbead150-777x1024.jpg 777w\" sizes=\"auto, (max-width: 1366px) 100vw, 1366px\" \/><\/p>\n","protected":false},"excerpt":{"rendered":"<p>Offensichtlich sind wir gerade in einem interessanten Abschnitt des Radweges unterwegs. Wie uns die Karte im Restaurant anzeigt, gibt es hier viele kleine Burgen, Schl\u00f6sser und Kl\u00f6ster. Im Moment befinden wir uns im Ort Cruas mit einer Abtei. Die Altstadt &hellip; <a href=\"https:\/\/www.leben-atmen.com\/europatour\/2018\/07\/26\/rhonetal-sehenswuerdigkeiten\/\">Weiterlesen <span class=\"meta-nav\">&rarr;<\/span><\/a><\/p>\n","protected":false},"author":2,"featured_media":0,"comment_status":"open","ping_status":"open","sticky":false,"template":"","format":"standard","meta":{"_jetpack_memberships_contains_paid_content":false,"footnotes":""},"categories":[1],"tags":[],"class_list":["post-1108","post","type-post","status-publish","format-standard","hentry","category-allgemein"],"jetpack_featured_media_url":"","jetpack_sharing_enabled":true,"_links":{"self":[{"href":"https:\/\/www.leben-atmen.com\/europatour\/wp-json\/wp\/v2\/posts\/1108","targetHints":{"allow":["GET"]}}],"collection":[{"href":"https:\/\/www.leben-atmen.com\/europatour\/wp-json\/wp\/v2\/posts"}],"about":[{"href":"https:\/\/www.leben-atmen.com\/europatour\/wp-json\/wp\/v2\/types\/post"}],"author":[{"embeddable":true,"href":"https:\/\/www.leben-atmen.com\/europatour\/wp-json\/wp\/v2\/users\/2"}],"replies":[{"embeddable":true,"href":"https:\/\/www.leben-atmen.com\/europatour\/wp-json\/wp\/v2\/comments?post=1108"}],"version-history":[{"count":1,"href":"https:\/\/www.leben-atmen.com\/europatour\/wp-json\/wp\/v2\/posts\/1108\/revisions"}],"predecessor-version":[{"id":1109,"href":"https:\/\/www.leben-atmen.com\/europatour\/wp-json\/wp\/v2\/posts\/1108\/revisions\/1109"}],"wp:attachment":[{"href":"https:\/\/www.leben-atmen.com\/europatour\/wp-json\/wp\/v2\/media?parent=1108"}],"wp:term":[{"taxonomy":"category","embeddable":true,"href":"https:\/\/www.leben-atmen.com\/europatour\/wp-json\/wp\/v2\/categories?post=1108"},{"taxonomy":"post_tag","embeddable":true,"href":"https:\/\/www.leben-atmen.com\/europatour\/wp-json\/wp\/v2\/tags?post=1108"}],"curies":[{"name":"wp","href":"https:\/\/api.w.org\/{rel}","templated":true}]}}