{"id":1062,"date":"2018-07-24T12:47:28","date_gmt":"2018-07-24T10:47:28","guid":{"rendered":"https:\/\/www.leben-atmen.com\/europatour\/?p=1062"},"modified":"2018-07-24T12:49:00","modified_gmt":"2018-07-24T10:49:00","slug":"fazit-sardinien","status":"publish","type":"post","link":"https:\/\/www.leben-atmen.com\/europatour\/2018\/07\/24\/fazit-sardinien\/","title":{"rendered":"Fazit Sardinien"},"content":{"rendered":"<p>Nein, wir bleiben dabei! Diese Insel ist wirklich ein Traum zum Urlaub machen. Leider ist die Situation f\u00fcr den Radfahrer nicht gerade besser geworden in den letzten Jahren.<\/p>\n<p>Wie wir heute Morgen erfahren haben, haben die Sarden die Stra\u00dfen f\u00fcr die Giro Italia letztes Jahr neu gemacht. Leider haben sie dabei vergessen, dass normale Radfahrer ja nicht auf der Stra\u00dfe fahren.<\/p>\n<p>Festzustellen bleibt, dass die Costa Smeralda faktisch von Autos \u00fcberf\u00fcllt ist und somit die Stra\u00dfen, die viel zu eng sind, eigentlich f\u00fcr den Radfahrer lebensgef\u00e4hrlich sind. Es macht zumindest nicht wirklich Freude, sich so fortzubewegen. Wobei wir uns nicht vorstellen k\u00f6nnen, dass die Autofahrer bei diesen Megastaus vor den St\u00e4dten und D\u00f6rfern nicht auch vor Langeweile sterben. Statt dass die Menschen an den Str\u00e4nden ihre Zeit verbringen oder in Caf\u00e9s oder oder, sitzen Sie in den Autos und schmoren?<\/p>\n<p>Das ist kurios, bei diesen wundersch\u00f6nen Str\u00e4nden und tollen Landschaften, mit Pinien \u00fcbers\u00e4t. Es duftet fernab der Landstra\u00dfen nach vielen Kr\u00e4utern und Blumen.<\/p>\n<p>Aber gut, es ist ja unser Fazit und somit bleibt zu sagen, es gibt wenig Kulturelles zu sehen auf dieser Insel. Anders als auf Sizilien genie\u00dft man hier ausschlie\u00dflich die saubere Landschaft und das Meer.<\/p>\n<p>Das Essen hat von der Qualit\u00e4t im Gegensatz zu Italien Festland und Sizilien leider abgenommen, die Sarden kochen in der Regel nicht so gut wie die Italiener. Daf\u00fcr haben die Preise ordentlich angezogen. Auch die Freundlichkeit l\u00e4sst hie und da zu w\u00fcnschen \u00fcbrig. Vielleicht liegt es dann doch an den vielen teils gestressten Italiener-Touristen vom Festland, die alles-immer-gleich-sofort haben m\u00fcssen.<\/p>\n<p>Trotzdem bleiben wir Sardinien-Fans.<\/p>\n<p><img loading=\"lazy\" decoding=\"async\" src=\"https:\/\/www.leben-atmen.com\/wp-content\/blogs.dir\/11\/files\/2018\/07\/2f29804431ed9bb7b7896af631af6276.jpg\" class=\"size-full wp-image-1061\" height=\"1800\" width=\"1304\" srcset=\"https:\/\/www.leben-atmen.com\/wp-content\/blogs.dir\/11\/files\/2018\/07\/2f29804431ed9bb7b7896af631af6276.jpg 1304w, https:\/\/www.leben-atmen.com\/wp-content\/blogs.dir\/11\/files\/2018\/07\/2f29804431ed9bb7b7896af631af6276-217x300.jpg 217w, https:\/\/www.leben-atmen.com\/wp-content\/blogs.dir\/11\/files\/2018\/07\/2f29804431ed9bb7b7896af631af6276-768x1060.jpg 768w, https:\/\/www.leben-atmen.com\/wp-content\/blogs.dir\/11\/files\/2018\/07\/2f29804431ed9bb7b7896af631af6276-742x1024.jpg 742w\" sizes=\"auto, (max-width: 1304px) 100vw, 1304px\" \/><\/p>\n","protected":false},"excerpt":{"rendered":"<p>Nein, wir bleiben dabei! Diese Insel ist wirklich ein Traum zum Urlaub machen. Leider ist die Situation f\u00fcr den Radfahrer nicht gerade besser geworden in den letzten Jahren. Wie wir heute Morgen erfahren haben, haben die Sarden die Stra\u00dfen f\u00fcr &hellip; <a href=\"https:\/\/www.leben-atmen.com\/europatour\/2018\/07\/24\/fazit-sardinien\/\">Weiterlesen <span class=\"meta-nav\">&rarr;<\/span><\/a><\/p>\n","protected":false},"author":2,"featured_media":0,"comment_status":"open","ping_status":"open","sticky":false,"template":"","format":"standard","meta":{"_jetpack_memberships_contains_paid_content":false,"footnotes":""},"categories":[1],"tags":[],"class_list":["post-1062","post","type-post","status-publish","format-standard","hentry","category-allgemein"],"jetpack_featured_media_url":"","jetpack_sharing_enabled":true,"_links":{"self":[{"href":"https:\/\/www.leben-atmen.com\/europatour\/wp-json\/wp\/v2\/posts\/1062","targetHints":{"allow":["GET"]}}],"collection":[{"href":"https:\/\/www.leben-atmen.com\/europatour\/wp-json\/wp\/v2\/posts"}],"about":[{"href":"https:\/\/www.leben-atmen.com\/europatour\/wp-json\/wp\/v2\/types\/post"}],"author":[{"embeddable":true,"href":"https:\/\/www.leben-atmen.com\/europatour\/wp-json\/wp\/v2\/users\/2"}],"replies":[{"embeddable":true,"href":"https:\/\/www.leben-atmen.com\/europatour\/wp-json\/wp\/v2\/comments?post=1062"}],"version-history":[{"count":1,"href":"https:\/\/www.leben-atmen.com\/europatour\/wp-json\/wp\/v2\/posts\/1062\/revisions"}],"predecessor-version":[{"id":1063,"href":"https:\/\/www.leben-atmen.com\/europatour\/wp-json\/wp\/v2\/posts\/1062\/revisions\/1063"}],"wp:attachment":[{"href":"https:\/\/www.leben-atmen.com\/europatour\/wp-json\/wp\/v2\/media?parent=1062"}],"wp:term":[{"taxonomy":"category","embeddable":true,"href":"https:\/\/www.leben-atmen.com\/europatour\/wp-json\/wp\/v2\/categories?post=1062"},{"taxonomy":"post_tag","embeddable":true,"href":"https:\/\/www.leben-atmen.com\/europatour\/wp-json\/wp\/v2\/tags?post=1062"}],"curies":[{"name":"wp","href":"https:\/\/api.w.org\/{rel}","templated":true}]}}