{"id":1038,"date":"2018-07-23T22:46:45","date_gmt":"2018-07-23T20:46:45","guid":{"rendered":"https:\/\/www.leben-atmen.com\/europatour\/?p=1038"},"modified":"2018-07-23T22:46:45","modified_gmt":"2018-07-23T20:46:45","slug":"gute-miene-zum","status":"publish","type":"post","link":"https:\/\/www.leben-atmen.com\/europatour\/2018\/07\/23\/gute-miene-zum\/","title":{"rendered":"Gute Miene zum\u2026"},"content":{"rendered":"<p>Wir sind ja nicht hier, um Sprichw\u00f6rter zu dreschen. Sagen wir es einmal mit einem Spruch eines ber\u00fchmten Mannes:<\/p>\n<p>\u201eZum Reisen geh\u00f6rt Geduld, Mut, guter Humor,<\/p>\n<p>Vergessenheit aller h\u00e4uslichen Sorgen,<\/p>\n<p>und dass man sich durch widrige Zuf\u00e4lle, Schwierigkeiten, b\u00f6ses Wetter,<\/p>\n<p>schlechte Kost und dergleichen nicht niederschlagen l\u00e4sst.\u201c<\/p>\n<p>Adolf Freiherr v. Knigge (1752 &#8211; 1796)<\/p>\n<p>Unser guter Herr Knigge war wohl viel unterwegs und er hat diese Benimmregel aufgestellt.<\/p>\n<p>Nat\u00fcrlich hat man einerseits riesige Erwartungen, was seinen eigenen Urlaub betrifft, ist er doch kostbar, teuer. Vielleicht soll er einmalig werden? Man hat viel gespart, und muss auch viel ausgeben f\u00fcr den Jahresurlaub. Da muss es schon sein, wie im Paradies, oder?<\/p>\n<p>Ja, so eine Radelreise nimmt einem in vieler Hinsicht die rosa Brille ab und l\u00e4sst einen ohne diese Verkl\u00e4rung auf die Dinge sehen. Da sind die italienischen Toiletten, \u00fcber die man Seiten schreiben k\u00f6nnte. Oder das Essen, das manchmal schlicht zu teuer ist und nicht den Erwartungen eines hungrigen Radlers entspricht. Da sind die unz\u00e4hligen stinkenden Autos mit den unkonzentrierten italienischen Fahrern, die einem dem Spa\u00df am Radfahren verderben. In Ermangelung von Radwegen und nicht mal Seitenstreifen ist man am Abend buchst\u00e4blich ger\u00e4dert. Mal ist es der Gegenwind, der einem die Euphorie an der Abfahrt verbl\u00e4st, mal ist es die Autobahn ohne rechte Alternative. Einmal wird man in der Pension schlecht behandelt, oder im Restaurant stundenlang nicht bedient. Und wenn mal alles gut scheint, so will die Sonne einafach nicht an die Costa Smeralda &#8211; dem eigentlich sch\u00f6nsten Abschnitt der Reise &#8211; nicht scheinen. Das Meer wirkt fad und abgestanden, statt schillernd zu leuchten, wie auf den Werbeplakaten.<\/p>\n<p>Die Liste von negativen Eindr\u00fccken einer Reise kann lang sein. Da ist es eine Kunst, laut Knigge \u201elocker\u201c zu bleiben. Nicht lange \u00fcber das \u201eschlechte\u201c Ereignis zu gr\u00fcbeln. Die Augen zu \u00f6ffnen, um das Sch\u00f6ne zu sehen. Das L\u00e4cheln der anderen Bedienung, die aufmerksame Passantin, die man nach dem Weg fragte, und die sich erkundigt, ob man nun gefunden hat, was man suchte. Das Schwimmen am Morgen am noch ruhigen Meer. Ein sauberes Handtuch im Zimmer oder die leise Klimaanlage. Ein bisschen mehr Blubber im Wasser als gew\u00f6hnlich, das Lachen eines Kindes auf einer Parkbank\u2026eigentlich kann man aus einer Radreise nur lernen. Nicht nur zum Reisen geh\u00f6rt das, was Herr Knigge r\u00e4t, nein, auch f\u00fcr den Alltag zu Hause. Denn das ganze Leben ist doch auch nur eine Reise\u2026<\/p>\n<p><a href=\"https:\/\/www.leben-atmen.com\/wp-content\/blogs.dir\/11\/files\/2018\/07\/4db8be3e2a06e80f5f879e9b163a1710.jpg\" data-rel=\"lightbox-image-0\" data-rl_title=\"\" data-rl_caption=\"\" title=\"\"><img decoding=\"async\" class=\"alignnone size-full\" src=\"https:\/\/www.leben-atmen.com\/wp-content\/blogs.dir\/11\/files\/2018\/07\/4db8be3e2a06e80f5f879e9b163a1710.jpg\" alt=\"\" \/><\/a> <a href=\"https:\/\/www.leben-atmen.com\/wp-content\/blogs.dir\/11\/files\/2018\/07\/cc326b741d3d20fc2f86d42290d5cb5a.jpg\" data-rel=\"lightbox-image-1\" data-rl_title=\"\" data-rl_caption=\"\" title=\"\"><img decoding=\"async\" class=\"alignnone size-full\" src=\"https:\/\/www.leben-atmen.com\/wp-content\/blogs.dir\/11\/files\/2018\/07\/cc326b741d3d20fc2f86d42290d5cb5a.jpg\" alt=\"\" \/><\/a><\/p>\n","protected":false},"excerpt":{"rendered":"<p>Wir sind ja nicht hier, um Sprichw\u00f6rter zu dreschen. Sagen wir es einmal mit einem Spruch eines ber\u00fchmten Mannes: \u201eZum Reisen geh\u00f6rt Geduld, Mut, guter Humor, Vergessenheit aller h\u00e4uslichen Sorgen, und dass man sich durch widrige Zuf\u00e4lle, Schwierigkeiten, b\u00f6ses Wetter, &hellip; <a href=\"https:\/\/www.leben-atmen.com\/europatour\/2018\/07\/23\/gute-miene-zum\/\">Weiterlesen <span class=\"meta-nav\">&rarr;<\/span><\/a><\/p>\n","protected":false},"author":2,"featured_media":0,"comment_status":"open","ping_status":"open","sticky":false,"template":"","format":"standard","meta":{"_jetpack_memberships_contains_paid_content":false,"footnotes":""},"categories":[1],"tags":[],"class_list":["post-1038","post","type-post","status-publish","format-standard","hentry","category-allgemein"],"jetpack_featured_media_url":"","jetpack_sharing_enabled":true,"_links":{"self":[{"href":"https:\/\/www.leben-atmen.com\/europatour\/wp-json\/wp\/v2\/posts\/1038","targetHints":{"allow":["GET"]}}],"collection":[{"href":"https:\/\/www.leben-atmen.com\/europatour\/wp-json\/wp\/v2\/posts"}],"about":[{"href":"https:\/\/www.leben-atmen.com\/europatour\/wp-json\/wp\/v2\/types\/post"}],"author":[{"embeddable":true,"href":"https:\/\/www.leben-atmen.com\/europatour\/wp-json\/wp\/v2\/users\/2"}],"replies":[{"embeddable":true,"href":"https:\/\/www.leben-atmen.com\/europatour\/wp-json\/wp\/v2\/comments?post=1038"}],"version-history":[{"count":1,"href":"https:\/\/www.leben-atmen.com\/europatour\/wp-json\/wp\/v2\/posts\/1038\/revisions"}],"predecessor-version":[{"id":1041,"href":"https:\/\/www.leben-atmen.com\/europatour\/wp-json\/wp\/v2\/posts\/1038\/revisions\/1041"}],"wp:attachment":[{"href":"https:\/\/www.leben-atmen.com\/europatour\/wp-json\/wp\/v2\/media?parent=1038"}],"wp:term":[{"taxonomy":"category","embeddable":true,"href":"https:\/\/www.leben-atmen.com\/europatour\/wp-json\/wp\/v2\/categories?post=1038"},{"taxonomy":"post_tag","embeddable":true,"href":"https:\/\/www.leben-atmen.com\/europatour\/wp-json\/wp\/v2\/tags?post=1038"}],"curies":[{"name":"wp","href":"https:\/\/api.w.org\/{rel}","templated":true}]}}