{"id":1031,"date":"2018-07-23T15:05:33","date_gmt":"2018-07-23T13:05:33","guid":{"rendered":"https:\/\/www.leben-atmen.com\/europatour\/?p=1031"},"modified":"2018-07-23T15:05:36","modified_gmt":"2018-07-23T13:05:36","slug":"palau","status":"publish","type":"post","link":"https:\/\/www.leben-atmen.com\/europatour\/2018\/07\/23\/palau\/","title":{"rendered":"Palau"},"content":{"rendered":"<p>Soeben fahren wir in Palau ein.<\/p>\n<p>Wunderbare K\u00fcsten links und rechts unseres Radelwgs sehen wir den ganzen Tag \u00fcber.<\/p>\n<p>Viele Granitbl\u00f6cke und Pinien schm\u00fccken dar\u00fcber hinaus die K\u00fcste.<\/p>\n<p>Es duftet nach Oleander und Kr\u00e4utern .<\/p>\n<p><img loading=\"lazy\" decoding=\"async\" src=\"https:\/\/www.leben-atmen.com\/wp-content\/blogs.dir\/11\/files\/2018\/07\/8b929cb144c7bf24f7bfa59da6b537c2.jpg\" class=\"size-full wp-image-1030\" height=\"1350\" width=\"1800\" srcset=\"https:\/\/www.leben-atmen.com\/wp-content\/blogs.dir\/11\/files\/2018\/07\/8b929cb144c7bf24f7bfa59da6b537c2.jpg 1800w, https:\/\/www.leben-atmen.com\/wp-content\/blogs.dir\/11\/files\/2018\/07\/8b929cb144c7bf24f7bfa59da6b537c2-300x225.jpg 300w, https:\/\/www.leben-atmen.com\/wp-content\/blogs.dir\/11\/files\/2018\/07\/8b929cb144c7bf24f7bfa59da6b537c2-768x576.jpg 768w, https:\/\/www.leben-atmen.com\/wp-content\/blogs.dir\/11\/files\/2018\/07\/8b929cb144c7bf24f7bfa59da6b537c2-1024x768.jpg 1024w, https:\/\/www.leben-atmen.com\/wp-content\/blogs.dir\/11\/files\/2018\/07\/8b929cb144c7bf24f7bfa59da6b537c2-400x300.jpg 400w\" sizes=\"auto, (max-width: 1800px) 100vw, 1800px\" \/><\/p>\n","protected":false},"excerpt":{"rendered":"<p>Soeben fahren wir in Palau ein. Wunderbare K\u00fcsten links und rechts unseres Radelwgs sehen wir den ganzen Tag \u00fcber. Viele Granitbl\u00f6cke und Pinien schm\u00fccken dar\u00fcber hinaus die K\u00fcste. Es duftet nach Oleander und Kr\u00e4utern .<\/p>\n","protected":false},"author":3,"featured_media":0,"comment_status":"open","ping_status":"open","sticky":false,"template":"","format":"standard","meta":{"_jetpack_memberships_contains_paid_content":false,"footnotes":""},"categories":[1],"tags":[],"class_list":["post-1031","post","type-post","status-publish","format-standard","hentry","category-allgemein"],"jetpack_featured_media_url":"","jetpack_sharing_enabled":true,"_links":{"self":[{"href":"https:\/\/www.leben-atmen.com\/europatour\/wp-json\/wp\/v2\/posts\/1031","targetHints":{"allow":["GET"]}}],"collection":[{"href":"https:\/\/www.leben-atmen.com\/europatour\/wp-json\/wp\/v2\/posts"}],"about":[{"href":"https:\/\/www.leben-atmen.com\/europatour\/wp-json\/wp\/v2\/types\/post"}],"author":[{"embeddable":true,"href":"https:\/\/www.leben-atmen.com\/europatour\/wp-json\/wp\/v2\/users\/3"}],"replies":[{"embeddable":true,"href":"https:\/\/www.leben-atmen.com\/europatour\/wp-json\/wp\/v2\/comments?post=1031"}],"version-history":[{"count":1,"href":"https:\/\/www.leben-atmen.com\/europatour\/wp-json\/wp\/v2\/posts\/1031\/revisions"}],"predecessor-version":[{"id":1032,"href":"https:\/\/www.leben-atmen.com\/europatour\/wp-json\/wp\/v2\/posts\/1031\/revisions\/1032"}],"wp:attachment":[{"href":"https:\/\/www.leben-atmen.com\/europatour\/wp-json\/wp\/v2\/media?parent=1031"}],"wp:term":[{"taxonomy":"category","embeddable":true,"href":"https:\/\/www.leben-atmen.com\/europatour\/wp-json\/wp\/v2\/categories?post=1031"},{"taxonomy":"post_tag","embeddable":true,"href":"https:\/\/www.leben-atmen.com\/europatour\/wp-json\/wp\/v2\/tags?post=1031"}],"curies":[{"name":"wp","href":"https:\/\/api.w.org\/{rel}","templated":true}]}}