{"id":1020,"date":"2018-07-22T20:37:25","date_gmt":"2018-07-22T18:37:25","guid":{"rendered":"https:\/\/www.leben-atmen.com\/europatour\/?p=1020"},"modified":"2018-07-22T20:37:27","modified_gmt":"2018-07-22T18:37:27","slug":"urlaub-1-klasse","status":"publish","type":"post","link":"https:\/\/www.leben-atmen.com\/europatour\/2018\/07\/22\/urlaub-1-klasse\/","title":{"rendered":"Urlaub 1. Klasse"},"content":{"rendered":"<p>Hier an der Costa Smeralda l\u00e4sst es sich gut Urlaub machen!<\/p>\n<p>Es gibt f\u00fcr mich sogar bayerisches Wei\u00dfbier, allerdings kein Wei\u00dfbierglas Man muss es aus einem Weinglas trinken, Weil sich das hier so geh\u00f6rt. Es gibt aber weitaus Schlimmeres als das?. Die Menschen sind gut angezogen die Yachten gro\u00df, und der Wein lecker. Hier gibt es keinen M\u00fcll am Stra\u00dfenrand. Alles ist sauber gepflegt und ordentlich! Eigentlich finde ich, so geh\u00f6rt das auch so. Aber so haben wir es auf der ganzen Reise noch nicht erlebt.<\/p>\n<p>Urlaub erster Klasse eben!<\/p>\n<p><img loading=\"lazy\" decoding=\"async\" src=\"https:\/\/www.leben-atmen.com\/wp-content\/blogs.dir\/11\/files\/2018\/07\/33b44106ef32804f12b2e240a7268caf.jpg\" class=\"wp-image-1018 size-full\" height=\"1170\" width=\"1800\" srcset=\"https:\/\/www.leben-atmen.com\/wp-content\/blogs.dir\/11\/files\/2018\/07\/33b44106ef32804f12b2e240a7268caf.jpg 1800w, https:\/\/www.leben-atmen.com\/wp-content\/blogs.dir\/11\/files\/2018\/07\/33b44106ef32804f12b2e240a7268caf-300x195.jpg 300w, https:\/\/www.leben-atmen.com\/wp-content\/blogs.dir\/11\/files\/2018\/07\/33b44106ef32804f12b2e240a7268caf-768x499.jpg 768w, https:\/\/www.leben-atmen.com\/wp-content\/blogs.dir\/11\/files\/2018\/07\/33b44106ef32804f12b2e240a7268caf-1024x666.jpg 1024w, https:\/\/www.leben-atmen.com\/wp-content\/blogs.dir\/11\/files\/2018\/07\/33b44106ef32804f12b2e240a7268caf-462x300.jpg 462w\" sizes=\"auto, (max-width: 1800px) 100vw, 1800px\" \/><img loading=\"lazy\" decoding=\"async\" src=\"https:\/\/www.leben-atmen.com\/wp-content\/blogs.dir\/11\/files\/2018\/07\/18e1584345c5ca2a00eabef7c801fcf5.jpg\" class=\"size-full wp-image-1019\" height=\"1800\" width=\"1350\" srcset=\"https:\/\/www.leben-atmen.com\/wp-content\/blogs.dir\/11\/files\/2018\/07\/18e1584345c5ca2a00eabef7c801fcf5.jpg 1350w, https:\/\/www.leben-atmen.com\/wp-content\/blogs.dir\/11\/files\/2018\/07\/18e1584345c5ca2a00eabef7c801fcf5-225x300.jpg 225w, https:\/\/www.leben-atmen.com\/wp-content\/blogs.dir\/11\/files\/2018\/07\/18e1584345c5ca2a00eabef7c801fcf5-768x1024.jpg 768w\" sizes=\"auto, (max-width: 1350px) 100vw, 1350px\" \/><\/p>\n","protected":false},"excerpt":{"rendered":"<p>Hier an der Costa Smeralda l\u00e4sst es sich gut Urlaub machen! Es gibt f\u00fcr mich sogar bayerisches Wei\u00dfbier, allerdings kein Wei\u00dfbierglas Man muss es aus einem Weinglas trinken, Weil sich das hier so geh\u00f6rt. Es gibt aber weitaus Schlimmeres als &hellip; <a href=\"https:\/\/www.leben-atmen.com\/europatour\/2018\/07\/22\/urlaub-1-klasse\/\">Weiterlesen <span class=\"meta-nav\">&rarr;<\/span><\/a><\/p>\n","protected":false},"author":2,"featured_media":0,"comment_status":"open","ping_status":"open","sticky":false,"template":"","format":"standard","meta":{"_jetpack_memberships_contains_paid_content":false,"footnotes":""},"categories":[1],"tags":[],"class_list":["post-1020","post","type-post","status-publish","format-standard","hentry","category-allgemein"],"jetpack_featured_media_url":"","jetpack_sharing_enabled":true,"_links":{"self":[{"href":"https:\/\/www.leben-atmen.com\/europatour\/wp-json\/wp\/v2\/posts\/1020","targetHints":{"allow":["GET"]}}],"collection":[{"href":"https:\/\/www.leben-atmen.com\/europatour\/wp-json\/wp\/v2\/posts"}],"about":[{"href":"https:\/\/www.leben-atmen.com\/europatour\/wp-json\/wp\/v2\/types\/post"}],"author":[{"embeddable":true,"href":"https:\/\/www.leben-atmen.com\/europatour\/wp-json\/wp\/v2\/users\/2"}],"replies":[{"embeddable":true,"href":"https:\/\/www.leben-atmen.com\/europatour\/wp-json\/wp\/v2\/comments?post=1020"}],"version-history":[{"count":1,"href":"https:\/\/www.leben-atmen.com\/europatour\/wp-json\/wp\/v2\/posts\/1020\/revisions"}],"predecessor-version":[{"id":1021,"href":"https:\/\/www.leben-atmen.com\/europatour\/wp-json\/wp\/v2\/posts\/1020\/revisions\/1021"}],"wp:attachment":[{"href":"https:\/\/www.leben-atmen.com\/europatour\/wp-json\/wp\/v2\/media?parent=1020"}],"wp:term":[{"taxonomy":"category","embeddable":true,"href":"https:\/\/www.leben-atmen.com\/europatour\/wp-json\/wp\/v2\/categories?post=1020"},{"taxonomy":"post_tag","embeddable":true,"href":"https:\/\/www.leben-atmen.com\/europatour\/wp-json\/wp\/v2\/tags?post=1020"}],"curies":[{"name":"wp","href":"https:\/\/api.w.org\/{rel}","templated":true}]}}